{"id":99193,"date":"2019-09-02T15:23:31","date_gmt":"2019-09-02T18:23:31","guid":{"rendered":"http:\/\/www.hoymercedes.com.ar\/principal\/?p=99193"},"modified":"2019-09-02T21:19:50","modified_gmt":"2019-09-03T00:19:50","slug":"roban-a-grupo-scout-aprisco","status":"publish","type":"post","link":"https:\/\/www.hoymercedes.com.ar\/principal\/2019\/09\/02\/roban-a-grupo-scout-aprisco\/","title":{"rendered":"Roban a Grupo Scout Aprisco"},"content":{"rendered":"\n<p>En la jornada del s\u00e1bado \u00faltimo, los dirigentes y familias del Grupo Scout Aprisco que trabaja en uno de los viejos galpones del Ferrocarril San Mart\u00edn de Calle 10 y 43, se encontraron que por s\u00e9ptima vez ingresaron y le robaron. En esta oportunidad, les sustrajeron el equipamiento de un ba\u00f1o y cables y elementos para la instalaci\u00f3n el\u00e9ctrica. <\/p>\n\n\n\n<p>\u00abIniciamos las actividades el 23 de febrero de este a\u00f1o, entraron a robarnos siete veces\u201d, explic\u00f3 el Jefe del Grupo Scout Mariano Bermudez. \u00abEn esta oportunidad rompieron el candado y se llevaron el ba\u00f1o completo, inodoro, mochila de agua, pileta y canillas, ni los focos de la luz dejaron\u00bb, agrega. \u00abTambi\u00e9n se llevaron la instalaci\u00f3n el\u00e9ctrica del resto del galp\u00f3n donde funciona el grupo\u00bb, destaca. <\/p>\n\n\n\n<p>\u00abDesde el 23 de febrero que se repite esta situaci\u00f3n, entran y se llevan lo que haya.  Tres veces entraron solo a vandalizar el lugar y seis veces se llevaron todo lo que dejamos, le\u00f1a, herramientas, botiquines, banderas,  bidones\u2026  la de esta semana fue el colmo\u00bb, resalta Bermudez. <\/p>\n\n\n\n<p>\u00abEl grupo scout funciona por la voluntad de cada uno de los miembros, los padres de los chicos que participan han puesto mucho trabajo y dinero para poder hacer actividades cada s\u00e1bado. Y siempre estamos volviendo a iniciar. Ahora tenemos que pensar como conseguir los recursos para reponer todo lo que se llevaron\u201d, concluye el dirigente Scout del grupo de funciona en los galpones de 10 y 43 que est\u00e1 en sus primeros meses de formaci\u00f3n. <\/p>\n\n\n\n<figure class=\"wp-block-image\"><img loading=\"lazy\" decoding=\"async\" width=\"750\" height=\"565\" data-attachment-id=\"99194\" data-permalink=\"https:\/\/www.hoymercedes.com.ar\/principal\/2019\/09\/02\/roban-a-grupo-scout-aprisco\/02-scout\/#main\" data-orig-file=\"https:\/\/www.hoymercedes.com.ar\/principal\/wp-content\/uploads\/2019\/09\/02-scout.jpg\" data-orig-size=\"750,565\" data-comments-opened=\"0\" data-image-meta=\"{&quot;aperture&quot;:&quot;0&quot;,&quot;credit&quot;:&quot;&quot;,&quot;camera&quot;:&quot;&quot;,&quot;caption&quot;:&quot;&quot;,&quot;created_timestamp&quot;:&quot;0&quot;,&quot;copyright&quot;:&quot;&quot;,&quot;focal_length&quot;:&quot;0&quot;,&quot;iso&quot;:&quot;0&quot;,&quot;shutter_speed&quot;:&quot;0&quot;,&quot;title&quot;:&quot;&quot;,&quot;orientation&quot;:&quot;0&quot;}\" data-image-title=\"02 scout\" data-image-description=\"\" data-image-caption=\"&lt;p&gt;El grupo scout de 10 y 43 comenz\u00f3 a funcionar en febrero de este a\u00f1o. &lt;\/p&gt;\n\" data-large-file=\"https:\/\/www.hoymercedes.com.ar\/principal\/wp-content\/uploads\/2019\/09\/02-scout.jpg\" src=\"https:\/\/www.hoymercedes.com.ar\/principal\/wp-content\/uploads\/2019\/09\/02-scout.jpg\" alt=\"\" class=\"wp-image-99194\" srcset=\"https:\/\/www.hoymercedes.com.ar\/principal\/wp-content\/uploads\/2019\/09\/02-scout.jpg 750w, https:\/\/www.hoymercedes.com.ar\/principal\/wp-content\/uploads\/2019\/09\/02-scout-150x113.jpg 150w, https:\/\/www.hoymercedes.com.ar\/principal\/wp-content\/uploads\/2019\/09\/02-scout-630x475.jpg 630w, https:\/\/www.hoymercedes.com.ar\/principal\/wp-content\/uploads\/2019\/09\/02-scout-320x240.jpg 320w, https:\/\/www.hoymercedes.com.ar\/principal\/wp-content\/uploads\/2019\/09\/02-scout-100x75.jpg 100w\" sizes=\"auto, (max-width: 750px) 100vw, 750px\" \/><figcaption>El grupo scout de 10 y 43 comenz\u00f3 a funcionar en febrero de este a\u00f1o. <\/figcaption><\/figure>\n","protected":false},"excerpt":{"rendered":"<p>En la jornada del s\u00e1bado \u00faltimo, los dirigentes y familias del Grupo Scout Aprisco que trabaja en uno de los &#8230; <a title=\"Roban a Grupo Scout Aprisco\" class=\"read-more\" href=\"https:\/\/www.hoymercedes.com.ar\/principal\/2019\/09\/02\/roban-a-grupo-scout-aprisco\/\" aria-label=\"Leer m\u00e1s sobre Roban a Grupo Scout Aprisco\">Leer m\u00e1s<\/a><\/p>\n","protected":false},"author":1,"featured_media":99194,"comment_status":"closed","ping_status":"open","sticky":false,"template":"","format":"standard","meta":{"_monsterinsights_skip_tracking":false,"_monsterinsights_sitenote_active":false,"_monsterinsights_sitenote_note":"","_monsterinsights_sitenote_category":0,"jetpack_post_was_ever_published":false,"_jetpack_newsletter_access":"","_jetpack_dont_email_post_to_subs":false,"_jetpack_newsletter_tier_id":0,"_jetpack_memberships_contains_paywalled_content":false,"_jetpack_memberships_contains_paid_content":false,"footnotes":"","jetpack_publicize_message":"","jetpack_publicize_feature_enabled":true,"jetpack_social_post_already_shared":true,"jetpack_social_options":{"image_generator_settings":{"template":"highway","default_image_id":0,"font":"","enabled":false},"version":2},"_wpas_customize_per_network":false},"categories":[85],"tags":[15715,96,889],"class_list":["post-99193","post","type-post","status-publish","format-standard","has-post-thumbnail","hentry","category-policial","tag-grupo-scout","tag-policial-2","tag-robo","generate-columns","tablet-grid-50","mobile-grid-100","grid-parent","grid-50"],"jetpack_publicize_connections":[],"jetpack_featured_media_url":"https:\/\/www.hoymercedes.com.ar\/principal\/wp-content\/uploads\/2019\/09\/02-scout.jpg","wps_subtitle":"","jetpack_sharing_enabled":true,"_links":{"self":[{"href":"https:\/\/www.hoymercedes.com.ar\/principal\/wp-json\/wp\/v2\/posts\/99193","targetHints":{"allow":["GET"]}}],"collection":[{"href":"https:\/\/www.hoymercedes.com.ar\/principal\/wp-json\/wp\/v2\/posts"}],"about":[{"href":"https:\/\/www.hoymercedes.com.ar\/principal\/wp-json\/wp\/v2\/types\/post"}],"author":[{"embeddable":true,"href":"https:\/\/www.hoymercedes.com.ar\/principal\/wp-json\/wp\/v2\/users\/1"}],"replies":[{"embeddable":true,"href":"https:\/\/www.hoymercedes.com.ar\/principal\/wp-json\/wp\/v2\/comments?post=99193"}],"version-history":[{"count":0,"href":"https:\/\/www.hoymercedes.com.ar\/principal\/wp-json\/wp\/v2\/posts\/99193\/revisions"}],"wp:featuredmedia":[{"embeddable":true,"href":"https:\/\/www.hoymercedes.com.ar\/principal\/wp-json\/wp\/v2\/media\/99194"}],"wp:attachment":[{"href":"https:\/\/www.hoymercedes.com.ar\/principal\/wp-json\/wp\/v2\/media?parent=99193"}],"wp:term":[{"taxonomy":"category","embeddable":true,"href":"https:\/\/www.hoymercedes.com.ar\/principal\/wp-json\/wp\/v2\/categories?post=99193"},{"taxonomy":"post_tag","embeddable":true,"href":"https:\/\/www.hoymercedes.com.ar\/principal\/wp-json\/wp\/v2\/tags?post=99193"}],"curies":[{"name":"wp","href":"https:\/\/api.w.org\/{rel}","templated":true}]}}