{"id":99236,"date":"2019-09-02T18:28:19","date_gmt":"2019-09-02T21:28:19","guid":{"rendered":"http:\/\/www.hoymercedes.com.ar\/principal\/?p=99236"},"modified":"2019-09-02T21:47:41","modified_gmt":"2019-09-03T00:47:41","slug":"anses-informa-las-fechas-de-cobro-de-los-proximos-tres-meses","status":"publish","type":"post","link":"https:\/\/www.hoymercedes.com.ar\/principal\/2019\/09\/02\/anses-informa-las-fechas-de-cobro-de-los-proximos-tres-meses\/","title":{"rendered":"ANSES informa las fechas de cobro de los pr\u00f3ximos tres meses"},"content":{"rendered":"\n<p><em>El cronograma corresponde a los meses de septiembre, octubre y noviembre de 2019 y ya est\u00e1 disponible para jubilados, pensionados y beneficiarios de programas sociales.\u00a0<\/em><\/p>\n\n\n\n<p>En la pantalla principal del sitio web&nbsp;<a>www.anses.gob.ar<\/a>, secci\u00f3n Accesos R\u00e1pidos, opci\u00f3n Calendario de Pagos, ANSES publica de manera anticipada el cronograma de cobro correspondiente a los meses de septiembre, octubre y noviembre de 2019.<\/p>\n\n\n\n<p>En este marco, los beneficiarios de jubilaciones, pensiones, Pensiones No Contributivas, Asignaci\u00f3n Universal por Hijo y por Embarazo, Prestaci\u00f3n por Desempleo y Asignaciones Familiares y de Pago \u00danico (Matrimonio, Nacimiento y Adopci\u00f3n) tienen la posibilidad de agendar las fechas y tenerlas a mano para una consulta anticipada y m\u00e1s r\u00e1pida.&nbsp;&nbsp;<\/p>\n\n\n\n<p>Adem\u00e1s, los calendarios est\u00e1n disponibles en las oficinas de ANSES y sus redes sociales: Facebook (<a rel=\"noreferrer noopener\" target=\"_blank\" href=\"http:\/\/www.facebook.com\/ansesgob\">www.facebook.com\/ansesgob<\/a>), Twitter (<a rel=\"noreferrer noopener\" target=\"_blank\" href=\"https:\/\/twitter.com\/ansesgob\">https:\/\/twitter.com\/ansesgob<\/a>) y Flickr (<a rel=\"noreferrer noopener\" target=\"_blank\" href=\"http:\/\/www.flickr.com\/photos\/ansesgob\">www.flickr.com\/photos\/ansesgob<\/a>).\u00a0<\/p>\n\n\n\n<p>Pensiones No Contributivas<\/p>\n\n\n\n<figure class=\"wp-block-image\"><img decoding=\"async\" src=\"https:\/\/dl-mail.ymail.com\/ws\/download\/mailboxes\/@.id==VjN-XFrT9pJ_5-ZKOqniBLY-7ySwfUZBD9cRWum6NAAq3N3Igfyh4A-A01vjNzvm0YhYyuvWuH2R9VTpCXo3P_bEJw\/messages\/@.id==APn7DE0CNF2rXW15GwyyACXxfWI\/content\/parts\/@.id==4\/raw?appid=YMailNorrin&amp;ymreqid=254146c1-e10c-ef8a-1c8a-6d000f015f00&amp;token=zitEzqOML3j84e6ealFTT5U7-km5qEQF52lp7AcCuBbbf6PPJd29lIgLWzvAV8fPN-BLtSAg12IRu1vEpa8RPMW7Dqrs0YGSEYKknpC2ZeXhydOizlQfusQIrbpU7jY0\" alt=\"\"\/><figcaption> Todos los grupos de pago tiene tiempo para cobrar sus haberes hasta la fecha l\u00edmite correspondiente <\/figcaption><\/figure>\n\n\n\n<p>Asignaciones Familiares de Pensiones No Contributivas<\/p>\n\n\n\n<figure class=\"wp-block-image\"><img decoding=\"async\" src=\"https:\/\/dl-mail.ymail.com\/ws\/download\/mailboxes\/@.id==VjN-XFrT9pJ_5-ZKOqniBLY-7ySwfUZBD9cRWum6NAAq3N3Igfyh4A-A01vjNzvm0YhYyuvWuH2R9VTpCXo3P_bEJw\/messages\/@.id==APn7DE0CNF2rXW15GwyyACXxfWI\/content\/parts\/@.id==5\/raw?appid=YMailNorrin&amp;ymreqid=254146c1-e10c-ef8a-1c8a-6d000f015f00&amp;token=zitEzqOML3j84e6ealFTT5U7-km5qEQF52lp7AcCuBbbf6PPJd29lIgLWzvAV8fPN-BLtSAg12IRu1vEpa8RPMW7Dqrs0YGSEYKknpC2ZeXhydOizlQfusQIrbpU7jY0\" alt=\"\"\/><figcaption>  Todos los grupos de pago tiene tiempo para cobrar sus haberes hasta la fecha l\u00edmite correspondiente. <\/figcaption><\/figure>\n\n\n\n<p>Jubilados y pensionados<\/p>\n\n\n\n<figure class=\"wp-block-image\"><img decoding=\"async\" src=\"https:\/\/dl-mail.ymail.com\/ws\/download\/mailboxes\/@.id==VjN-XFrT9pJ_5-ZKOqniBLY-7ySwfUZBD9cRWum6NAAq3N3Igfyh4A-A01vjNzvm0YhYyuvWuH2R9VTpCXo3P_bEJw\/messages\/@.id==APn7DE0CNF2rXW15GwyyACXxfWI\/content\/parts\/@.id==8\/raw?appid=YMailNorrin&amp;ymreqid=254146c1-e10c-ef8a-1c8a-6d000f015f00&amp;token=zitEzqOML3j84e6ealFTT5U7-km5qEQF52lp7AcCuBbbf6PPJd29lIgLWzvAV8fPN-BLtSAg12IRu1vEpa8RPMW7Dqrs0YGSEYKknpC2ZeXhydOizlQfusQIrbpU7jY0\" alt=\"\"\/><figcaption> Todos los grupos de pago tiene tiempo para cobrar sus haberes hasta la fecha l\u00edmite correspondiente <\/figcaption><\/figure>\n\n\n\n<figure class=\"wp-block-image\"><img decoding=\"async\" src=\"https:\/\/dl-mail.ymail.com\/ws\/download\/mailboxes\/@.id==VjN-XFrT9pJ_5-ZKOqniBLY-7ySwfUZBD9cRWum6NAAq3N3Igfyh4A-A01vjNzvm0YhYyuvWuH2R9VTpCXo3P_bEJw\/messages\/@.id==APn7DE0CNF2rXW15GwyyACXxfWI\/content\/parts\/@.id==9\/raw?appid=YMailNorrin&amp;ymreqid=254146c1-e10c-ef8a-1c8a-6d000f015f00&amp;token=zitEzqOML3j84e6ealFTT5U7-km5qEQF52lp7AcCuBbbf6PPJd29lIgLWzvAV8fPN-BLtSAg12IRu1vEpa8RPMW7Dqrs0YGSEYKknpC2ZeXhydOizlQfusQIrbpU7jY0\" alt=\"\"\/><\/figure>\n\n\n\n<p>Asignaci\u00f3n Universal por Embarazo<\/p>\n\n\n\n<figure class=\"wp-block-image\"><img decoding=\"async\" src=\"https:\/\/dl-mail.ymail.com\/ws\/download\/mailboxes\/@.id==VjN-XFrT9pJ_5-ZKOqniBLY-7ySwfUZBD9cRWum6NAAq3N3Igfyh4A-A01vjNzvm0YhYyuvWuH2R9VTpCXo3P_bEJw\/messages\/@.id==APn7DE0CNF2rXW15GwyyACXxfWI\/content\/parts\/@.id==11\/raw?appid=YMailNorrin&amp;ymreqid=254146c1-e10c-ef8a-1c8a-6d000f015f00&amp;token=zitEzqOML3j84e6ealFTT5U7-km5qEQF52lp7AcCuBbbf6PPJd29lIgLWzvAV8fPN-BLtSAg12IRu1vEpa8RPMW7Dqrs0YGSEYKknpC2ZeXhydOizlQfusQIrbpU7jY0\" alt=\"\"\/><\/figure>\n\n\n\n<p>Asignaciones por Prenatal y Maternidad<\/p>\n\n\n\n<figure class=\"wp-block-image\"><img decoding=\"async\" src=\"https:\/\/dl-mail.ymail.com\/ws\/download\/mailboxes\/@.id==VjN-XFrT9pJ_5-ZKOqniBLY-7ySwfUZBD9cRWum6NAAq3N3Igfyh4A-A01vjNzvm0YhYyuvWuH2R9VTpCXo3P_bEJw\/messages\/@.id==APn7DE0CNF2rXW15GwyyACXxfWI\/content\/parts\/@.id==12\/raw?appid=YMailNorrin&amp;ymreqid=254146c1-e10c-ef8a-1c8a-6d000f015f00&amp;token=zitEzqOML3j84e6ealFTT5U7-km5qEQF52lp7AcCuBbbf6PPJd29lIgLWzvAV8fPN-BLtSAg12IRu1vEpa8RPMW7Dqrs0YGSEYKknpC2ZeXhydOizlQfusQIrbpU7jY0\" alt=\"\"\/><\/figure>\n\n\n\n<p>Asignaciones de Pago \u00danico (Matrimonio, Nacimiento, Adopci\u00f3n<\/p>\n\n\n\n<figure class=\"wp-block-image\"><img decoding=\"async\" src=\"https:\/\/dl-mail.ymail.com\/ws\/download\/mailboxes\/@.id==VjN-XFrT9pJ_5-ZKOqniBLY-7ySwfUZBD9cRWum6NAAq3N3Igfyh4A-A01vjNzvm0YhYyuvWuH2R9VTpCXo3P_bEJw\/messages\/@.id==APn7DE0CNF2rXW15GwyyACXxfWI\/content\/parts\/@.id==13\/raw?appid=YMailNorrin&amp;ymreqid=254146c1-e10c-ef8a-1c8a-6d000f015f00&amp;token=zitEzqOML3j84e6ealFTT5U7-km5qEQF52lp7AcCuBbbf6PPJd29lIgLWzvAV8fPN-BLtSAg12IRu1vEpa8RPMW7Dqrs0YGSEYKknpC2ZeXhydOizlQfusQIrbpU7jY0\" alt=\"\"\/><\/figure>\n\n\n\n<p>Prestaci\u00f3n por Desempleo<\/p>\n\n\n\n<figure class=\"wp-block-image\"><img decoding=\"async\" src=\"https:\/\/dl-mail.ymail.com\/ws\/download\/mailboxes\/@.id==VjN-XFrT9pJ_5-ZKOqniBLY-7ySwfUZBD9cRWum6NAAq3N3Igfyh4A-A01vjNzvm0YhYyuvWuH2R9VTpCXo3P_bEJw\/messages\/@.id==APn7DE0CNF2rXW15GwyyACXxfWI\/content\/parts\/@.id==14\/raw?appid=YMailNorrin&amp;ymreqid=254146c1-e10c-ef8a-1c8a-6d000f015f00&amp;token=zitEzqOML3j84e6ealFTT5U7-km5qEQF52lp7AcCuBbbf6PPJd29lIgLWzvAV8fPN-BLtSAg12IRu1vEpa8RPMW7Dqrs0YGSEYKknpC2ZeXhydOizlQfusQIrbpU7jY0\" alt=\"\"\/><\/figure>\n\n\n\n<figure class=\"wp-block-image\"><img decoding=\"async\" src=\"https:\/\/dl-mail.ymail.com\/ws\/download\/mailboxes\/@.id==VjN-XFrT9pJ_5-ZKOqniBLY-7ySwfUZBD9cRWum6NAAq3N3Igfyh4A-A01vjNzvm0YhYyuvWuH2R9VTpCXo3P_bEJw\/messages\/@.id==APn7DE0CNF2rXW15GwyyACXxfWI\/content\/parts\/@.id==15\/raw?appid=YMailNorrin&amp;ymreqid=254146c1-e10c-ef8a-1c8a-6d000f015f00&amp;token=zitEzqOML3j84e6ealFTT5U7-km5qEQF52lp7AcCuBbbf6PPJd29lIgLWzvAV8fPN-BLtSAg12IRu1vEpa8RPMW7Dqrs0YGSEYKknpC2ZeXhydOizlQfusQIrbpU7jY0\" alt=\"\"\/><figcaption> Todos los grupos de pago tiene tiempo para cobrar sus haberes hasta la fecha l\u00edmite correspondiente. <\/figcaption><\/figure>\n","protected":false},"excerpt":{"rendered":"<p>El cronograma corresponde a los meses de septiembre, octubre y noviembre de 2019 y ya est\u00e1 disponible para jubilados, pensionados &#8230; <a title=\"ANSES informa las fechas de cobro de los pr\u00f3ximos tres meses\" class=\"read-more\" href=\"https:\/\/www.hoymercedes.com.ar\/principal\/2019\/09\/02\/anses-informa-las-fechas-de-cobro-de-los-proximos-tres-meses\/\" aria-label=\"Leer m\u00e1s sobre ANSES informa las fechas de cobro de los pr\u00f3ximos tres meses\">Leer m\u00e1s<\/a><\/p>\n","protected":false},"author":1,"featured_media":73507,"comment_status":"closed","ping_status":"open","sticky":false,"template":"","format":"standard","meta":{"_monsterinsights_skip_tracking":false,"_monsterinsights_sitenote_active":false,"_monsterinsights_sitenote_note":"","_monsterinsights_sitenote_category":0,"jetpack_post_was_ever_published":false,"_jetpack_newsletter_access":"","_jetpack_dont_email_post_to_subs":false,"_jetpack_newsletter_tier_id":0,"_jetpack_memberships_contains_paywalled_content":false,"_jetpack_memberships_contains_paid_content":false,"footnotes":"","jetpack_publicize_message":"","jetpack_publicize_feature_enabled":true,"jetpack_social_post_already_shared":true,"jetpack_social_options":{"image_generator_settings":{"template":"highway","default_image_id":0,"font":"","enabled":false},"version":2},"_wpas_customize_per_network":false},"categories":[8],"tags":[4,9295,10859],"class_list":["post-99236","post","type-post","status-publish","format-standard","has-post-thumbnail","hentry","category-sociedad","tag-anses","tag-beneficiarios","tag-pagos","generate-columns","tablet-grid-50","mobile-grid-100","grid-parent","grid-50"],"jetpack_publicize_connections":[],"jetpack_featured_media_url":"https:\/\/www.hoymercedes.com.ar\/principal\/wp-content\/uploads\/2018\/03\/15-anses-logo.jpg","wps_subtitle":"Los calendarios est\u00e1n disponibles en la web","jetpack_sharing_enabled":true,"_links":{"self":[{"href":"https:\/\/www.hoymercedes.com.ar\/principal\/wp-json\/wp\/v2\/posts\/99236","targetHints":{"allow":["GET"]}}],"collection":[{"href":"https:\/\/www.hoymercedes.com.ar\/principal\/wp-json\/wp\/v2\/posts"}],"about":[{"href":"https:\/\/www.hoymercedes.com.ar\/principal\/wp-json\/wp\/v2\/types\/post"}],"author":[{"embeddable":true,"href":"https:\/\/www.hoymercedes.com.ar\/principal\/wp-json\/wp\/v2\/users\/1"}],"replies":[{"embeddable":true,"href":"https:\/\/www.hoymercedes.com.ar\/principal\/wp-json\/wp\/v2\/comments?post=99236"}],"version-history":[{"count":0,"href":"https:\/\/www.hoymercedes.com.ar\/principal\/wp-json\/wp\/v2\/posts\/99236\/revisions"}],"wp:featuredmedia":[{"embeddable":true,"href":"https:\/\/www.hoymercedes.com.ar\/principal\/wp-json\/wp\/v2\/media\/73507"}],"wp:attachment":[{"href":"https:\/\/www.hoymercedes.com.ar\/principal\/wp-json\/wp\/v2\/media?parent=99236"}],"wp:term":[{"taxonomy":"category","embeddable":true,"href":"https:\/\/www.hoymercedes.com.ar\/principal\/wp-json\/wp\/v2\/categories?post=99236"},{"taxonomy":"post_tag","embeddable":true,"href":"https:\/\/www.hoymercedes.com.ar\/principal\/wp-json\/wp\/v2\/tags?post=99236"}],"curies":[{"name":"wp","href":"https:\/\/api.w.org\/{rel}","templated":true}]}}