{"id":99260,"date":"2019-09-03T09:45:21","date_gmt":"2019-09-03T12:45:21","guid":{"rendered":"http:\/\/www.hoymercedes.com.ar\/principal\/?p=99260"},"modified":"2019-09-03T08:56:18","modified_gmt":"2019-09-03T11:56:18","slug":"avanza-la-remodelacion-del-caps-del-barrio-guemes","status":"publish","type":"post","link":"https:\/\/www.hoymercedes.com.ar\/principal\/2019\/09\/03\/avanza-la-remodelacion-del-caps-del-barrio-guemes\/","title":{"rendered":"Avanza la remodelaci\u00f3n del CAPS del Barrio G\u00fcemes"},"content":{"rendered":"\n<p>Est\u00e1 pronto a terminarse la construcci\u00f3n del polo sanitario en el barrio G\u00fcemes. Hasta la terminaci\u00f3n de la obra, la atenci\u00f3n se da en el barrio Marchetti. <\/p>\n\n\n\n<figure class=\"wp-block-image\"><img loading=\"lazy\" decoding=\"async\" width=\"800\" height=\"533\" data-attachment-id=\"99261\" data-permalink=\"https:\/\/www.hoymercedes.com.ar\/principal\/2019\/09\/03\/avanza-la-remodelacion-del-caps-del-barrio-guemes\/02-salud-guemes\/#main\" data-orig-file=\"https:\/\/www.hoymercedes.com.ar\/principal\/wp-content\/uploads\/2019\/09\/02-Salud-Guemes.jpeg\" data-orig-size=\"800,533\" data-comments-opened=\"0\" data-image-meta=\"{&quot;aperture&quot;:&quot;0&quot;,&quot;credit&quot;:&quot;&quot;,&quot;camera&quot;:&quot;&quot;,&quot;caption&quot;:&quot;&quot;,&quot;created_timestamp&quot;:&quot;0&quot;,&quot;copyright&quot;:&quot;&quot;,&quot;focal_length&quot;:&quot;0&quot;,&quot;iso&quot;:&quot;0&quot;,&quot;shutter_speed&quot;:&quot;0&quot;,&quot;title&quot;:&quot;&quot;,&quot;orientation&quot;:&quot;0&quot;}\" data-image-title=\"02-Salud-Guemes\" data-image-description=\"\" data-image-caption=\"\" data-large-file=\"https:\/\/www.hoymercedes.com.ar\/principal\/wp-content\/uploads\/2019\/09\/02-Salud-Guemes.jpeg\" src=\"https:\/\/www.hoymercedes.com.ar\/principal\/wp-content\/uploads\/2019\/09\/02-Salud-Guemes.jpeg\" alt=\"\" class=\"wp-image-99261\" srcset=\"https:\/\/www.hoymercedes.com.ar\/principal\/wp-content\/uploads\/2019\/09\/02-Salud-Guemes.jpeg 800w, https:\/\/www.hoymercedes.com.ar\/principal\/wp-content\/uploads\/2019\/09\/02-Salud-Guemes-150x100.jpeg 150w, https:\/\/www.hoymercedes.com.ar\/principal\/wp-content\/uploads\/2019\/09\/02-Salud-Guemes-630x420.jpeg 630w, https:\/\/www.hoymercedes.com.ar\/principal\/wp-content\/uploads\/2019\/09\/02-Salud-Guemes-720x480.jpeg 720w, https:\/\/www.hoymercedes.com.ar\/principal\/wp-content\/uploads\/2019\/09\/02-Salud-Guemes-360x240.jpeg 360w\" sizes=\"auto, (max-width: 800px) 100vw, 800px\" \/><\/figure>\n\n\n\n<p>\u201cEs una obra que fue dise\u00f1ada y llevada a delante por los arquitectos de la secretar\u00eda de obras p\u00fablicas en un trabajo en conjunto con el \u00e1rea de salud\u201d expres\u00f3 Mat\u00edas Dematei. \u00a0\u00a0<\/p>\n\n\n\n<p>\u201cSabemos que ser\u00e1 un gran beneficio para todos los vecinos\u201d, destac\u00f3 el Jefe de Gabinete subrayando adem\u00e1s que \u201cla inversi\u00f3n en salud es muy gran algo que el intendente Ustarroz sostiene desde que comenz\u00f3 su gesti\u00f3n\u201d.<\/p>\n\n\n\n<p>&nbsp;Asimismo se\u00f1al\u00f3 \u201ceste tipo de obras es muy importante para la ciudad, ya que significa llevar salud y mejorar la calidad de la misma para todos los vecinos\u201d y agreg\u00f3 \u201cadem\u00e1s este tipo de obras generan trabajo, ya que uno de los pedidos a las empresas que se encargan de las mismas es que contraten trabajadores mercedinos\u201d.<\/p>\n\n\n\n<p>Durante el periodo de construcci\u00f3n el CAPS migr\u00f3 sus atenciones al barrio Marchetti.&nbsp; &nbsp;<\/p>\n","protected":false},"excerpt":{"rendered":"<p>Est\u00e1 pronto a terminarse la construcci\u00f3n del polo sanitario en el barrio G\u00fcemes. Hasta la terminaci\u00f3n de la obra, la &#8230; <a title=\"Avanza la remodelaci\u00f3n del CAPS del Barrio G\u00fcemes\" class=\"read-more\" href=\"https:\/\/www.hoymercedes.com.ar\/principal\/2019\/09\/03\/avanza-la-remodelacion-del-caps-del-barrio-guemes\/\" aria-label=\"Leer m\u00e1s sobre Avanza la remodelaci\u00f3n del CAPS del Barrio G\u00fcemes\">Leer m\u00e1s<\/a><\/p>\n","protected":false},"author":1,"featured_media":99261,"comment_status":"closed","ping_status":"open","sticky":false,"template":"","format":"standard","meta":{"_monsterinsights_skip_tracking":false,"_monsterinsights_sitenote_active":false,"_monsterinsights_sitenote_note":"","_monsterinsights_sitenote_category":0,"jetpack_post_was_ever_published":false,"_jetpack_newsletter_access":"","_jetpack_dont_email_post_to_subs":false,"_jetpack_newsletter_tier_id":0,"_jetpack_memberships_contains_paywalled_content":false,"_jetpack_memberships_contains_paid_content":false,"footnotes":"","jetpack_publicize_message":"","jetpack_publicize_feature_enabled":true,"jetpack_social_post_already_shared":true,"jetpack_social_options":{"image_generator_settings":{"template":"highway","default_image_id":0,"font":"","enabled":false},"version":2},"_wpas_customize_per_network":false},"categories":[30],"tags":[2596,1078,244,134],"class_list":["post-99260","post","type-post","status-publish","format-standard","has-post-thumbnail","hentry","category-municipio","tag-barrio-guemes","tag-caps","tag-municipio-2","tag-salud","generate-columns","tablet-grid-50","mobile-grid-100","grid-parent","grid-50"],"jetpack_publicize_connections":[],"jetpack_featured_media_url":"https:\/\/www.hoymercedes.com.ar\/principal\/wp-content\/uploads\/2019\/09\/02-Salud-Guemes.jpeg","wps_subtitle":"","jetpack_sharing_enabled":true,"_links":{"self":[{"href":"https:\/\/www.hoymercedes.com.ar\/principal\/wp-json\/wp\/v2\/posts\/99260","targetHints":{"allow":["GET"]}}],"collection":[{"href":"https:\/\/www.hoymercedes.com.ar\/principal\/wp-json\/wp\/v2\/posts"}],"about":[{"href":"https:\/\/www.hoymercedes.com.ar\/principal\/wp-json\/wp\/v2\/types\/post"}],"author":[{"embeddable":true,"href":"https:\/\/www.hoymercedes.com.ar\/principal\/wp-json\/wp\/v2\/users\/1"}],"replies":[{"embeddable":true,"href":"https:\/\/www.hoymercedes.com.ar\/principal\/wp-json\/wp\/v2\/comments?post=99260"}],"version-history":[{"count":0,"href":"https:\/\/www.hoymercedes.com.ar\/principal\/wp-json\/wp\/v2\/posts\/99260\/revisions"}],"wp:featuredmedia":[{"embeddable":true,"href":"https:\/\/www.hoymercedes.com.ar\/principal\/wp-json\/wp\/v2\/media\/99261"}],"wp:attachment":[{"href":"https:\/\/www.hoymercedes.com.ar\/principal\/wp-json\/wp\/v2\/media?parent=99260"}],"wp:term":[{"taxonomy":"category","embeddable":true,"href":"https:\/\/www.hoymercedes.com.ar\/principal\/wp-json\/wp\/v2\/categories?post=99260"},{"taxonomy":"post_tag","embeddable":true,"href":"https:\/\/www.hoymercedes.com.ar\/principal\/wp-json\/wp\/v2\/tags?post=99260"}],"curies":[{"name":"wp","href":"https:\/\/api.w.org\/{rel}","templated":true}]}}