{"id":99263,"date":"2019-09-03T10:10:45","date_gmt":"2019-09-03T13:10:45","guid":{"rendered":"http:\/\/www.hoymercedes.com.ar\/principal\/?p=99263"},"modified":"2019-09-04T00:11:00","modified_gmt":"2019-09-04T03:11:00","slug":"festejos-por-los-50-anos-del-hogar-villa-abrille","status":"publish","type":"post","link":"https:\/\/www.hoymercedes.com.ar\/principal\/2019\/09\/03\/festejos-por-los-50-anos-del-hogar-villa-abrille\/","title":{"rendered":"Festejos por los 50 a\u00f1os del Hogar Villa Abrille"},"content":{"rendered":"\n<p>El domingo por la tarde se llev\u00f3 a cabo el festejo por el 50 aniversario del Holgar Villa Abrille de nuestra ciudad. Una gran carpa se mont\u00f3 sobre la calle 25, frente al hogar, donde se conmemoraron las Bodas de Oro junto a residentes, trabajadores municipales y vecinos. <\/p>\n\n\n\n<figure class=\"wp-block-image\"><img loading=\"lazy\" decoding=\"async\" width=\"750\" height=\"500\" data-attachment-id=\"99265\" data-permalink=\"https:\/\/www.hoymercedes.com.ar\/principal\/2019\/09\/03\/festejos-por-los-50-anos-del-hogar-villa-abrille\/03-muni-villa-abrille1\/#main\" data-orig-file=\"https:\/\/www.hoymercedes.com.ar\/principal\/wp-content\/uploads\/2019\/09\/03-muni-villa-abrille1.jpg\" data-orig-size=\"750,500\" data-comments-opened=\"0\" data-image-meta=\"{&quot;aperture&quot;:&quot;0&quot;,&quot;credit&quot;:&quot;&quot;,&quot;camera&quot;:&quot;&quot;,&quot;caption&quot;:&quot;&quot;,&quot;created_timestamp&quot;:&quot;0&quot;,&quot;copyright&quot;:&quot;&quot;,&quot;focal_length&quot;:&quot;0&quot;,&quot;iso&quot;:&quot;0&quot;,&quot;shutter_speed&quot;:&quot;0&quot;,&quot;title&quot;:&quot;&quot;,&quot;orientation&quot;:&quot;0&quot;}\" data-image-title=\"03 muni villa abrille1\" data-image-description=\"\" data-image-caption=\"\" data-large-file=\"https:\/\/www.hoymercedes.com.ar\/principal\/wp-content\/uploads\/2019\/09\/03-muni-villa-abrille1.jpg\" src=\"https:\/\/www.hoymercedes.com.ar\/principal\/wp-content\/uploads\/2019\/09\/03-muni-villa-abrille1.jpg\" alt=\"\" class=\"wp-image-99265\" srcset=\"https:\/\/www.hoymercedes.com.ar\/principal\/wp-content\/uploads\/2019\/09\/03-muni-villa-abrille1.jpg 750w, https:\/\/www.hoymercedes.com.ar\/principal\/wp-content\/uploads\/2019\/09\/03-muni-villa-abrille1-150x100.jpg 150w, https:\/\/www.hoymercedes.com.ar\/principal\/wp-content\/uploads\/2019\/09\/03-muni-villa-abrille1-630x420.jpg 630w, https:\/\/www.hoymercedes.com.ar\/principal\/wp-content\/uploads\/2019\/09\/03-muni-villa-abrille1-720x480.jpg 720w, https:\/\/www.hoymercedes.com.ar\/principal\/wp-content\/uploads\/2019\/09\/03-muni-villa-abrille1-360x240.jpg 360w\" sizes=\"auto, (max-width: 750px) 100vw, 750px\" \/><\/figure>\n\n\n\n<p>Los encargados de abrir con los espect\u00e1culos fueron el Taller de Folklore \u201cCielito de los Abuelos\u201d del Centro de Jubilados Renacer de calle 31 e\/ 24 y 26, bajo la direcci\u00f3n de la Prof. Mar\u00eda Luj\u00e1n Gallo. Luego fue el turno de Pablo Aschero que junto a Fernando \u201cPatota\u201d Aschero y a la \u201cVieja Achero\u201d interpretando su prestigioso repertorio tanguero.<\/p>\n\n\n\n<p>El mercedino Carlos Sebasti\u00e1n tambi\u00e9n estuvo presente en el festejo de la instituci\u00f3n al igual que Miriam Salanueva y el grupo de baile que fue parte de los Torneos Bonaerense en la categor\u00eda de Adultos mayores.<\/p>\n\n\n\n<p>Hubo una gran cantidad de asistentes a la conmemoraci\u00f3n, adem\u00e1s de los residentes y familias, vecinos, se cont\u00f3 con la presencia del Intendente Municipal Juan Ignacio Ustarroz junto al secretario de Salud Pablo Cassiani, el Jefe de Gabinete Mat\u00edas Dematei, la Directora de Adultos Mayores Victoria O\u00b4Dell y la Coordinadora del Hogar Noelia Golo quien agradeci\u00f3 a todos los presentes y destac\u00f3 el trabajo que a diario realizan los empleados municipales para garantizarle a los 23 residentes que viven en el hogar un mejor pasar.<\/p>\n\n\n\n<p>Por su parte el Jefe Comunal afirm\u00f3 \u201cagradecemos a las trabajadoras de hoy, a las trabajadoras de ayer, agradecemos a los familiares de quien hace tanto tiempo don\u00f3 esta casa y que vinieron especialmente para este festejo\u201d y sostuvo que \u201cgracias al trabajo que se hace a diario y a la confianza de la gente en la gesti\u00f3n vamos a poder tener un segundo hogar\u00a0\u00a0para Adultos Mayores, porque hace poco recibimos una nueva donaci\u00f3n y tiene que ver con el trabajo que se realiza ac\u00e1, con el reconocimiento del esfuerzo, el compromiso de muchos a\u00f1os\u201d entre otros conceptos, sin olvidar de \u201cagradecemos, nuevamente, a todos y todas los que llenan este hogar de cuidados y amor. Son un orgullo para todos\u201d<\/p>\n\n\n\n<figure class=\"wp-block-image\"><img loading=\"lazy\" decoding=\"async\" width=\"750\" height=\"500\" data-attachment-id=\"99264\" data-permalink=\"https:\/\/www.hoymercedes.com.ar\/principal\/2019\/09\/03\/festejos-por-los-50-anos-del-hogar-villa-abrille\/03-muni-villa-abrille\/#main\" data-orig-file=\"https:\/\/www.hoymercedes.com.ar\/principal\/wp-content\/uploads\/2019\/09\/03-muni-villa-abrille.jpg\" data-orig-size=\"750,500\" data-comments-opened=\"0\" data-image-meta=\"{&quot;aperture&quot;:&quot;0&quot;,&quot;credit&quot;:&quot;&quot;,&quot;camera&quot;:&quot;&quot;,&quot;caption&quot;:&quot;&quot;,&quot;created_timestamp&quot;:&quot;0&quot;,&quot;copyright&quot;:&quot;&quot;,&quot;focal_length&quot;:&quot;0&quot;,&quot;iso&quot;:&quot;0&quot;,&quot;shutter_speed&quot;:&quot;0&quot;,&quot;title&quot;:&quot;&quot;,&quot;orientation&quot;:&quot;0&quot;}\" data-image-title=\"03 muni villa abrille\" data-image-description=\"\" data-image-caption=\"\" data-large-file=\"https:\/\/www.hoymercedes.com.ar\/principal\/wp-content\/uploads\/2019\/09\/03-muni-villa-abrille.jpg\" src=\"https:\/\/www.hoymercedes.com.ar\/principal\/wp-content\/uploads\/2019\/09\/03-muni-villa-abrille.jpg\" alt=\"\" class=\"wp-image-99264\" srcset=\"https:\/\/www.hoymercedes.com.ar\/principal\/wp-content\/uploads\/2019\/09\/03-muni-villa-abrille.jpg 750w, https:\/\/www.hoymercedes.com.ar\/principal\/wp-content\/uploads\/2019\/09\/03-muni-villa-abrille-150x100.jpg 150w, https:\/\/www.hoymercedes.com.ar\/principal\/wp-content\/uploads\/2019\/09\/03-muni-villa-abrille-630x420.jpg 630w, https:\/\/www.hoymercedes.com.ar\/principal\/wp-content\/uploads\/2019\/09\/03-muni-villa-abrille-720x480.jpg 720w, https:\/\/www.hoymercedes.com.ar\/principal\/wp-content\/uploads\/2019\/09\/03-muni-villa-abrille-360x240.jpg 360w\" sizes=\"auto, (max-width: 750px) 100vw, 750px\" \/><\/figure>\n\n\n\n<p><strong>Cierre y Torta<\/strong><\/p>\n\n\n\n<p>Durante le extensa jornada tambi\u00e9n hubo m\u00fasica, baile, historias, inflables para los m\u00e1s chiquititos, estuvieron los Hermanos Ropetruzky brindando un divertido show. Estuvo la familia de quien don\u00f3 el inmueble quienes observaron las amplias inversiones llevadas a cabo, la significativa puesta en valor de los \u00faltimos a\u00f1os y lo lindo y cuidado del lugar, como as\u00ed tambi\u00e9n pudieron todos atestiguar los proyectos y planes de futuro siempre pensando en el cuidado de nuestros adultos mayores.&nbsp;&nbsp;Ellos fueron N\u00e9lida Lavadie de Villa Abrille. Mariana Le\u00f3n y Mart\u00edn Villa Abrille<\/p>\n\n\n\n<p>Los encargados de cerrar el festejo fueron \u201cSanta Milonguita\u201d quienes hicieron bailara a todos los presentes habiendo, como corresponde, una torta para la ocasi\u00f3n para un 50 aniversario que lo encuentra en muy buenas condiciones y proyectos de crecimiento.<\/p>\n\n\n\n<p>Fuente: Prensa Municipal<\/p>\n","protected":false},"excerpt":{"rendered":"<p>El domingo por la tarde se llev\u00f3 a cabo el festejo por el 50 aniversario del Holgar Villa Abrille de &#8230; <a title=\"Festejos por los 50 a\u00f1os del Hogar Villa Abrille\" class=\"read-more\" href=\"https:\/\/www.hoymercedes.com.ar\/principal\/2019\/09\/03\/festejos-por-los-50-anos-del-hogar-villa-abrille\/\" aria-label=\"Leer m\u00e1s sobre Festejos por los 50 a\u00f1os del Hogar Villa Abrille\">Leer m\u00e1s<\/a><\/p>\n","protected":false},"author":1,"featured_media":99264,"comment_status":"closed","ping_status":"open","sticky":false,"template":"","format":"standard","meta":{"_monsterinsights_skip_tracking":false,"_monsterinsights_sitenote_active":false,"_monsterinsights_sitenote_note":"","_monsterinsights_sitenote_category":0,"jetpack_post_was_ever_published":false,"_jetpack_newsletter_access":"","_jetpack_dont_email_post_to_subs":false,"_jetpack_newsletter_tier_id":0,"_jetpack_memberships_contains_paywalled_content":false,"_jetpack_memberships_contains_paid_content":false,"footnotes":"","jetpack_publicize_message":"","jetpack_publicize_feature_enabled":true,"jetpack_social_post_already_shared":true,"jetpack_social_options":{"image_generator_settings":{"template":"highway","default_image_id":0,"font":"","enabled":false},"version":2},"_wpas_customize_per_network":false},"categories":[30],"tags":[9805,244],"class_list":["post-99263","post","type-post","status-publish","format-standard","has-post-thumbnail","hentry","category-municipio","tag-hogar-villa-abrille","tag-municipio-2","generate-columns","tablet-grid-50","mobile-grid-100","grid-parent","grid-50"],"jetpack_publicize_connections":[],"jetpack_featured_media_url":"https:\/\/www.hoymercedes.com.ar\/principal\/wp-content\/uploads\/2019\/09\/03-muni-villa-abrille.jpg","wps_subtitle":"","jetpack_sharing_enabled":true,"_links":{"self":[{"href":"https:\/\/www.hoymercedes.com.ar\/principal\/wp-json\/wp\/v2\/posts\/99263","targetHints":{"allow":["GET"]}}],"collection":[{"href":"https:\/\/www.hoymercedes.com.ar\/principal\/wp-json\/wp\/v2\/posts"}],"about":[{"href":"https:\/\/www.hoymercedes.com.ar\/principal\/wp-json\/wp\/v2\/types\/post"}],"author":[{"embeddable":true,"href":"https:\/\/www.hoymercedes.com.ar\/principal\/wp-json\/wp\/v2\/users\/1"}],"replies":[{"embeddable":true,"href":"https:\/\/www.hoymercedes.com.ar\/principal\/wp-json\/wp\/v2\/comments?post=99263"}],"version-history":[{"count":0,"href":"https:\/\/www.hoymercedes.com.ar\/principal\/wp-json\/wp\/v2\/posts\/99263\/revisions"}],"wp:featuredmedia":[{"embeddable":true,"href":"https:\/\/www.hoymercedes.com.ar\/principal\/wp-json\/wp\/v2\/media\/99264"}],"wp:attachment":[{"href":"https:\/\/www.hoymercedes.com.ar\/principal\/wp-json\/wp\/v2\/media?parent=99263"}],"wp:term":[{"taxonomy":"category","embeddable":true,"href":"https:\/\/www.hoymercedes.com.ar\/principal\/wp-json\/wp\/v2\/categories?post=99263"},{"taxonomy":"post_tag","embeddable":true,"href":"https:\/\/www.hoymercedes.com.ar\/principal\/wp-json\/wp\/v2\/tags?post=99263"}],"curies":[{"name":"wp","href":"https:\/\/api.w.org\/{rel}","templated":true}]}}