{"id":99267,"date":"2019-09-03T14:30:28","date_gmt":"2019-09-03T17:30:28","guid":{"rendered":"http:\/\/www.hoymercedes.com.ar\/principal\/?p=99267"},"modified":"2019-09-04T00:10:33","modified_gmt":"2019-09-04T03:10:33","slug":"campana-de-prevencion-contra-el-cancer-de-cuello-uterino","status":"publish","type":"post","link":"https:\/\/www.hoymercedes.com.ar\/principal\/2019\/09\/03\/campana-de-prevencion-contra-el-cancer-de-cuello-uterino\/","title":{"rendered":"Campa\u00f1a de Prevenci\u00f3n contra el C\u00e1ncer de Cuello Uterino"},"content":{"rendered":"\n<p>Mercedes Contra el C\u00e1ncer LALCEC junto a la Direcci\u00f3n de Salud de la Municipalidad de Mercedes, organizan la Campa\u00f1a de Prevenci\u00f3n Contra el C\u00e1ncer de Cuello Uterino del 9 al 13 de Septiembre de 2019.\u00a0Cada d\u00eda de la semana atender\u00e1n en un Centro de Atenci\u00f3n de Primaria de la Salud seg\u00fan un cronograma establecido. <\/p>\n\n\n\n<p>Cronograma de Atenci\u00f3n: <br>&#8211; Lunes 9\/9 (10 hs.) CAPS Blandengues calle 16 y 105\u00a0 Tel. 15415885 Dra. Noelia Saavedra<br>&#8211; Martes 10\/9 (10,30 hs.) CAPS San Jos\u00e9 Calle 50 y 21 Tel.15415883 Dra. Daniela Debiase<br>&#8211; Mi\u00e9rcoles 11\/9 (14,30 hs.) CAPS Agote Calle 517 e\/ 504 y 506 Tel.15415879\u00a0Lic. L\u00eda Maggiollo<br>&#8211; Viernes 13\/9 (8 hs.) CAPS Lomas del Pac\u00edfico Calle 106 e\/ 39 y 41 Tel.15415889 Dra. Noelia Saavedra<\/p>\n\n\n\n<p>Las personas que pueden anotarse, son aquellas que carecen de obra social. Para mayor informaci\u00f3n, llamar al 431360 de 15.30 a 17.30 hs de lunes a viernes, Sede de LALCEC, calle 39 N\u00b0 419.<\/p>\n\n\n\n<p><strong>\u00bfQu\u00e9 es C\u00e1ncer de \u00datero?<\/strong><br>El c\u00e1ncer de cuello de \u00fatero, a veces denominado \u201cc\u00e1ncer cervical\u201d o \u201cc\u00e1ncer de cervix\u201d es una enfermedad en la cual se produce un crecimiento anormal de c\u00e9lulas tumorales en los tejidos del cuello uterino.<\/p>\n\n\n\n<p>La principal causa de c\u00e1ncer de cuello uterino es el HPV (Virus del Papiloma Humano).<\/p>\n\n\n\n<p>El HPV es un grupo de m\u00e1s de 150 virus que se transmite generalmente a trav\u00e9s de las relaciones sexuales. Tambi\u00e9n se puede contagiar a trav\u00e9s del contacto con la piel de persona a persona. En la mayor\u00eda de los casos, el virus desaparece solo. Pero si la infecci\u00f3n persiste, puede producir lesiones que con los a\u00f1os pueden convertirse en c\u00e1ncer.<\/p>\n\n\n\n<p><strong>\u00a0\u00bfA qui\u00e9nes afecta?<\/strong>: La causa principal es la infecci\u00f3n generada por el virus del papiloma humano (HPV), generalmente transmitido por v\u00eda sexual.<\/p>\n\n\n\n<p><strong>\u00bfSe puede detectar tempranamente?<\/strong>: <br>El c\u00e1ncer de cuello de \u00fatero es uno de los pocos c\u00e1nceres que se pueden diagnosticar precozmente, es decir, antes de que la mujer aprecie alg\u00fan s\u00edntoma. Las revisiones ginecol\u00f3gicas habituales y la realizaci\u00f3n anual del test de Papanicolau (PAP) y Colposcopia permiten el diagn\u00f3stico de las lesiones premalignas, de tal forma que su tratamiento evita que \u00e9stas evolucionen a lesiones invasivas.<\/p>\n\n\n\n<p><strong>\u00bfCu\u00e1les son sus s\u00edntomas?<\/strong>: <br>Los s\u00edntomas a menudo no comienzan sino hasta que un c\u00e1ncer se torna invasivo y crece hacia el tejido adyacente. Cuando esto ocurre, los s\u00edntomas m\u00e1s comunes son: sangrado vaginal anormal, secreci\u00f3n vaginal inusual y\/o dolor durante las relaciones sexuales.de mama.<\/p>\n\n\n\n<p><strong>Prevenci\u00f3n Primaria<\/strong><br>La incorporaci\u00f3n de h\u00e1bitos saludables reduce hasta un 40% las posibilidades de contraer cualquier tipo de c\u00e1ncer:<br>\u2022 Tener una alimentaci\u00f3n saludable incorporando frutas, verduras y cereales a la dieta regular.<br>\u2022 Protegerse de la exposici\u00f3n solar <br>\u2022 Evitar los excesos de peso <br>\u2022 Realizar actividad f\u00edsica regularmente <br>\u2022 No fumar <br>\u2022 Consumo responsable de alcohol<\/p>\n\n\n\n<p><strong>Prevenci\u00f3n Secundaria<\/strong><br>\u2022 Vacuna contra el HPV antes del inicio de la actividad sexual.<br>\u2022 Visitar al ginec\u00f3logo de forma peri\u00f3dica.<br>\u2022 Mujeres sexualmente activas y\/o mayores de 25 a\u00f1os: realizarse el test de Papanicolaou (PAP) y la Colposcopia 1 vez al a\u00f1o.<br><\/p>\n","protected":false},"excerpt":{"rendered":"<p>Mercedes Contra el C\u00e1ncer LALCEC junto a la Direcci\u00f3n de Salud de la Municipalidad de Mercedes, organizan la Campa\u00f1a de &#8230; <a title=\"Campa\u00f1a de Prevenci\u00f3n contra el C\u00e1ncer de Cuello Uterino\" class=\"read-more\" href=\"https:\/\/www.hoymercedes.com.ar\/principal\/2019\/09\/03\/campana-de-prevencion-contra-el-cancer-de-cuello-uterino\/\" aria-label=\"Leer m\u00e1s sobre Campa\u00f1a de Prevenci\u00f3n contra el C\u00e1ncer de Cuello Uterino\">Leer m\u00e1s<\/a><\/p>\n","protected":false},"author":1,"featured_media":99271,"comment_status":"closed","ping_status":"open","sticky":false,"template":"","format":"standard","meta":{"_monsterinsights_skip_tracking":false,"_monsterinsights_sitenote_active":false,"_monsterinsights_sitenote_note":"","_monsterinsights_sitenote_category":0,"jetpack_post_was_ever_published":false,"_jetpack_newsletter_access":"","_jetpack_dont_email_post_to_subs":false,"_jetpack_newsletter_tier_id":0,"_jetpack_memberships_contains_paywalled_content":false,"_jetpack_memberships_contains_paid_content":false,"footnotes":"","jetpack_publicize_message":"","jetpack_publicize_feature_enabled":true,"jetpack_social_post_already_shared":true,"jetpack_social_options":{"image_generator_settings":{"template":"highway","default_image_id":0,"font":"","enabled":false},"version":2},"_wpas_customize_per_network":false},"categories":[9791],"tags":[9909,108,8756,134],"class_list":["post-99267","post","type-post","status-publish","format-standard","has-post-thumbnail","hentry","category-salud","tag-cancer-de-cuello-de-utero","tag-lalcec","tag-prevencion","tag-salud","generate-columns","tablet-grid-50","mobile-grid-100","grid-parent","grid-50"],"jetpack_publicize_connections":[],"jetpack_featured_media_url":"https:\/\/www.hoymercedes.com.ar\/principal\/wp-content\/uploads\/2019\/09\/03-cancer-utero.jpg","wps_subtitle":"Inscripci\u00f3n previa","jetpack_sharing_enabled":true,"_links":{"self":[{"href":"https:\/\/www.hoymercedes.com.ar\/principal\/wp-json\/wp\/v2\/posts\/99267","targetHints":{"allow":["GET"]}}],"collection":[{"href":"https:\/\/www.hoymercedes.com.ar\/principal\/wp-json\/wp\/v2\/posts"}],"about":[{"href":"https:\/\/www.hoymercedes.com.ar\/principal\/wp-json\/wp\/v2\/types\/post"}],"author":[{"embeddable":true,"href":"https:\/\/www.hoymercedes.com.ar\/principal\/wp-json\/wp\/v2\/users\/1"}],"replies":[{"embeddable":true,"href":"https:\/\/www.hoymercedes.com.ar\/principal\/wp-json\/wp\/v2\/comments?post=99267"}],"version-history":[{"count":0,"href":"https:\/\/www.hoymercedes.com.ar\/principal\/wp-json\/wp\/v2\/posts\/99267\/revisions"}],"wp:featuredmedia":[{"embeddable":true,"href":"https:\/\/www.hoymercedes.com.ar\/principal\/wp-json\/wp\/v2\/media\/99271"}],"wp:attachment":[{"href":"https:\/\/www.hoymercedes.com.ar\/principal\/wp-json\/wp\/v2\/media?parent=99267"}],"wp:term":[{"taxonomy":"category","embeddable":true,"href":"https:\/\/www.hoymercedes.com.ar\/principal\/wp-json\/wp\/v2\/categories?post=99267"},{"taxonomy":"post_tag","embeddable":true,"href":"https:\/\/www.hoymercedes.com.ar\/principal\/wp-json\/wp\/v2\/tags?post=99267"}],"curies":[{"name":"wp","href":"https:\/\/api.w.org\/{rel}","templated":true}]}}