{"id":99299,"date":"2019-09-04T00:42:19","date_gmt":"2019-09-04T03:42:19","guid":{"rendered":"http:\/\/www.hoymercedes.com.ar\/principal\/?p=99299"},"modified":"2019-09-04T00:19:50","modified_gmt":"2019-09-04T03:19:50","slug":"crean-el-bosque-de-los-mil-dias","status":"publish","type":"post","link":"https:\/\/www.hoymercedes.com.ar\/principal\/2019\/09\/04\/crean-el-bosque-de-los-mil-dias\/","title":{"rendered":"Crean el Bosque de los Mil D\u00edas"},"content":{"rendered":"\n<p>na gran cantidad de familias fueron parte de la creaci\u00f3n del \u201cBosque de los Mil D\u00edas\u201d La iniciativa de la Municipalidad de Mercedes tuvo una gran recepci\u00f3n. Cada ni\u00f1o que naci\u00f3 y nacer\u00e1 en el marco del programa generar\u00e1 la colocaci\u00f3n de un \u00e1rbol en el Parque Municipal, con su nombre, podr\u00e1 cuidarlo a trav\u00e9s de los a\u00f1os y ver c\u00f3mo crece. Adem\u00e1s de forestar y cuidar la naturaleza el proyecto tiene un valioso sentido social.\u00a0\u00a0<\/p>\n\n\n\n<figure class=\"wp-block-image\"><img loading=\"lazy\" decoding=\"async\" width=\"750\" height=\"501\" data-attachment-id=\"99300\" data-permalink=\"https:\/\/www.hoymercedes.com.ar\/principal\/2019\/09\/04\/crean-el-bosque-de-los-mil-dias\/04-bosque-mil-dias\/#main\" data-orig-file=\"https:\/\/www.hoymercedes.com.ar\/principal\/wp-content\/uploads\/2019\/09\/04-bosque-mil-dias.jpg\" data-orig-size=\"750,501\" data-comments-opened=\"0\" data-image-meta=\"{&quot;aperture&quot;:&quot;0&quot;,&quot;credit&quot;:&quot;&quot;,&quot;camera&quot;:&quot;&quot;,&quot;caption&quot;:&quot;&quot;,&quot;created_timestamp&quot;:&quot;0&quot;,&quot;copyright&quot;:&quot;&quot;,&quot;focal_length&quot;:&quot;0&quot;,&quot;iso&quot;:&quot;0&quot;,&quot;shutter_speed&quot;:&quot;0&quot;,&quot;title&quot;:&quot;&quot;,&quot;orientation&quot;:&quot;0&quot;}\" data-image-title=\"04 bosque mil dias\" data-image-description=\"\" data-image-caption=\"\" data-large-file=\"https:\/\/www.hoymercedes.com.ar\/principal\/wp-content\/uploads\/2019\/09\/04-bosque-mil-dias.jpg\" src=\"https:\/\/www.hoymercedes.com.ar\/principal\/wp-content\/uploads\/2019\/09\/04-bosque-mil-dias.jpg\" alt=\"\" class=\"wp-image-99300\" srcset=\"https:\/\/www.hoymercedes.com.ar\/principal\/wp-content\/uploads\/2019\/09\/04-bosque-mil-dias.jpg 750w, https:\/\/www.hoymercedes.com.ar\/principal\/wp-content\/uploads\/2019\/09\/04-bosque-mil-dias-150x100.jpg 150w, https:\/\/www.hoymercedes.com.ar\/principal\/wp-content\/uploads\/2019\/09\/04-bosque-mil-dias-630x421.jpg 630w, https:\/\/www.hoymercedes.com.ar\/principal\/wp-content\/uploads\/2019\/09\/04-bosque-mil-dias-720x480.jpg 720w, https:\/\/www.hoymercedes.com.ar\/principal\/wp-content\/uploads\/2019\/09\/04-bosque-mil-dias-360x240.jpg 360w\" sizes=\"auto, (max-width: 750px) 100vw, 750px\" \/><\/figure>\n\n\n\n<p>\u201cEstamos muy orgullosos del programa primeros mil d\u00edas y tambi\u00e9n de esta hermoso iniciativa\u201d afirm\u00f3 el Intendente Juan Ustarroz. Participaron casi 300 familias en la colocaci\u00f3n de 300 \u00e1rboles de especies nativas.<\/p>\n\n\n\n<p>En la tarde del s\u00e1bado una enorme cantidad de vecinos participaron de la novedosa propuesta que fomenta el cuidado del ambiente y simboliza cada nuevo mercedino. El Dr. Pablo Cassiani, secretario de salud, coment\u00f3 que \u201cen el sector nuevo del parque nos acompa\u00f1a m\u00e1s de 300 familias dado que desde ahora cada ni\u00f1o o ni\u00f1a que nace en Mercedes tiene su arbolito, entonces las familias plantan y se comprometen a cuidarlo, siendo una acci\u00f3n dentro del programa Mil D\u00edas y el programa Mercedes Sustentable, es algo muy lindo lo que se est\u00e1 viendo con tantas familias y seguramente ese ni\u00f1o podr\u00e1 venir a jugar, a tomar unos mates, a saber que hay un \u00e1rbol con su nombre\u201d<\/p>\n\n\n\n<p>Por su parte, el Dr. Juan Ignacio Ustarroz coment\u00f3 que \u201cestamos muy contentos con el programa Primeros Mil D\u00edas que es uno de los mejores programas que hemos lanzado porque es pensar en el ni\u00f1o, en las familias, en el futuro, pero con acciones concretas desde el presente y en este sentido apostamos a la naturaleza, al medio ambiente, a que cada ni\u00f1o y ni\u00f1a tenga su propio \u00e1rbol en la ciudad ha sido una medida acertada y una idea muy simple, pero muy profunda\u201d coment\u00f3 y dijo que \u201cse ve en la alegr\u00eda de las familias y como siempre decimos la ciudad la hacemos entre todos y ac\u00e1 se observa con un verdadero cuidado\u201d remarcando que \u201ctambi\u00e9n fomenta el cuidado del espacio p\u00fablico, del encuentro, y agradecemos a todas las familias presentes\u201d<\/p>\n\n\n\n<p>La propuesta gener\u00f3 un gran inter\u00e9s, con una multitud participante, mateando, cuidando entre todos el sector donde desde ahora hay no s\u00f3lo 300 nuevos \u00e1rboles nativos plantados sino mucho amor.<\/p>\n\n\n\n<p>Fuente: Prensa Municipal<\/p>\n","protected":false},"excerpt":{"rendered":"<p>na gran cantidad de familias fueron parte de la creaci\u00f3n del \u201cBosque de los Mil D\u00edas\u201d La iniciativa de la &#8230; <a title=\"Crean el Bosque de los Mil D\u00edas\" class=\"read-more\" href=\"https:\/\/www.hoymercedes.com.ar\/principal\/2019\/09\/04\/crean-el-bosque-de-los-mil-dias\/\" aria-label=\"Leer m\u00e1s sobre Crean el Bosque de los Mil D\u00edas\">Leer m\u00e1s<\/a><\/p>\n","protected":false},"author":1,"featured_media":99300,"comment_status":"closed","ping_status":"open","sticky":false,"template":"","format":"standard","meta":{"_monsterinsights_skip_tracking":false,"_monsterinsights_sitenote_active":false,"_monsterinsights_sitenote_note":"","_monsterinsights_sitenote_category":0,"jetpack_post_was_ever_published":false,"_jetpack_newsletter_access":"","_jetpack_dont_email_post_to_subs":false,"_jetpack_newsletter_tier_id":0,"_jetpack_memberships_contains_paywalled_content":false,"_jetpack_memberships_contains_paid_content":false,"footnotes":"","jetpack_publicize_message":"","jetpack_publicize_feature_enabled":true,"jetpack_social_post_already_shared":true,"jetpack_social_options":{"image_generator_settings":{"template":"highway","default_image_id":0,"font":"","enabled":false},"version":2},"_wpas_customize_per_network":false},"categories":[30],"tags":[12915,244,11368,134],"class_list":["post-99299","post","type-post","status-publish","format-standard","has-post-thumbnail","hentry","category-municipio","tag-arboles","tag-municipio-2","tag-programa-mil-dias","tag-salud","generate-columns","tablet-grid-50","mobile-grid-100","grid-parent","grid-50"],"jetpack_publicize_connections":[],"jetpack_featured_media_url":"https:\/\/www.hoymercedes.com.ar\/principal\/wp-content\/uploads\/2019\/09\/04-bosque-mil-dias.jpg","wps_subtitle":"","jetpack_sharing_enabled":true,"_links":{"self":[{"href":"https:\/\/www.hoymercedes.com.ar\/principal\/wp-json\/wp\/v2\/posts\/99299","targetHints":{"allow":["GET"]}}],"collection":[{"href":"https:\/\/www.hoymercedes.com.ar\/principal\/wp-json\/wp\/v2\/posts"}],"about":[{"href":"https:\/\/www.hoymercedes.com.ar\/principal\/wp-json\/wp\/v2\/types\/post"}],"author":[{"embeddable":true,"href":"https:\/\/www.hoymercedes.com.ar\/principal\/wp-json\/wp\/v2\/users\/1"}],"replies":[{"embeddable":true,"href":"https:\/\/www.hoymercedes.com.ar\/principal\/wp-json\/wp\/v2\/comments?post=99299"}],"version-history":[{"count":0,"href":"https:\/\/www.hoymercedes.com.ar\/principal\/wp-json\/wp\/v2\/posts\/99299\/revisions"}],"wp:featuredmedia":[{"embeddable":true,"href":"https:\/\/www.hoymercedes.com.ar\/principal\/wp-json\/wp\/v2\/media\/99300"}],"wp:attachment":[{"href":"https:\/\/www.hoymercedes.com.ar\/principal\/wp-json\/wp\/v2\/media?parent=99299"}],"wp:term":[{"taxonomy":"category","embeddable":true,"href":"https:\/\/www.hoymercedes.com.ar\/principal\/wp-json\/wp\/v2\/categories?post=99299"},{"taxonomy":"post_tag","embeddable":true,"href":"https:\/\/www.hoymercedes.com.ar\/principal\/wp-json\/wp\/v2\/tags?post=99299"}],"curies":[{"name":"wp","href":"https:\/\/api.w.org\/{rel}","templated":true}]}}