{"id":9930,"date":"2011-12-19T04:21:50","date_gmt":"2011-12-19T04:21:50","guid":{"rendered":"http:\/\/www.hoymercedes.com.ar\/principal\/?p=9930"},"modified":"2011-12-19T04:22:43","modified_gmt":"2011-12-19T04:22:43","slug":"llaman-a-testigos-para-aclarar-acontecimiento-policial","status":"publish","type":"post","link":"https:\/\/www.hoymercedes.com.ar\/principal\/2011\/12\/19\/llaman-a-testigos-para-aclarar-acontecimiento-policial\/","title":{"rendered":"Convocan a testigos para aclarar acontecimiento policial"},"content":{"rendered":"<p>Durante los \u00faltimos d\u00edas la comunidad se ha visto sorprendida por un acontecimiento inesperado e indeseado respecto al v\u00ednculo entre la ciudan\u00eda y las fuerzas de seguridad en situaci\u00f3n de control vehicular.<\/p>\n<p>Un aparente hecho de violencia en donde un oficial de polic\u00eda sac\u00f3 a la fuerza a un joven de una moto, despierta la necesidad imperiosa y urgente de saber efectivamente qu\u00e9 ha sucedido, c\u00f3mo fueron los hechos. Sobre todo invitarnos a reflexionar y accionar en relaci\u00f3n a este acontecimiento y la prevenci\u00f3n futura.<\/p>\n<p>Las redes sociales que desde hace tiempo vienen siendo un destacado ojo de la realidad nos anoticiaron del hecho. Ahora como Estado entendemos es nuestra obligaci\u00f3n actuar en consonancia y es por eso que solicitamos a todo aquel que haya sido testigo del hecho o posea informaci\u00f3n que se acerque a la Oficina de Derechos Humanos de la Municipalidad de Mercedes ubicada en Av. 29 y 26 con tel\u00e9fono 0810 333 0997 y correo electr\u00f3nico: derechoshumanos@mercedes.gob.ar para brindarnos informaci\u00f3n y as\u00ed poder trabajar en el asunto. Deseamos recordar que el tratamiento ser\u00e1 bajo total anonimato.<\/p>\n<p>Hoy fue un joven que quiz\u00e1s muchos no conozcan pero ma\u00f1ana puede ser su hijo, un familiar o amigo. Entre todos lograremos aclarar la situaci\u00f3n. Es importante como comunidad actuar. Es hora de cuidarnos entre todos.<\/p>\n<p><strong>Marcelo Melo<\/strong><\/p>\n<p>Responsable Oficina de Derechos Humanos<\/p>\n<p>&nbsp;<\/p>\n","protected":false},"excerpt":{"rendered":"<p>Durante los \u00faltimos d\u00edas la comunidad se ha visto sorprendida por un acontecimiento inesperado e indeseado respecto al v\u00ednculo entre &#8230; <a title=\"Convocan a testigos para aclarar acontecimiento policial\" class=\"read-more\" href=\"https:\/\/www.hoymercedes.com.ar\/principal\/2011\/12\/19\/llaman-a-testigos-para-aclarar-acontecimiento-policial\/\" aria-label=\"Leer m\u00e1s sobre Convocan a testigos para aclarar acontecimiento policial\">Leer m\u00e1s<\/a><\/p>\n","protected":false},"author":1,"featured_media":0,"comment_status":"open","ping_status":"open","sticky":false,"template":"","format":"standard","meta":{"_monsterinsights_skip_tracking":false,"_monsterinsights_sitenote_active":false,"_monsterinsights_sitenote_note":"","_monsterinsights_sitenote_category":0,"jetpack_post_was_ever_published":false,"_jetpack_newsletter_access":"","_jetpack_dont_email_post_to_subs":false,"_jetpack_newsletter_tier_id":0,"_jetpack_memberships_contains_paywalled_content":false,"_jetpack_memberships_contains_paid_content":false,"footnotes":"","jetpack_publicize_message":"","jetpack_publicize_feature_enabled":true,"jetpack_social_post_already_shared":false,"jetpack_social_options":{"image_generator_settings":{"template":"highway","default_image_id":0,"font":"","enabled":false},"version":2},"_wpas_customize_per_network":false},"categories":[8],"tags":[1653],"class_list":["post-9930","post","type-post","status-publish","format-standard","hentry","category-sociedad","tag-derechos-humanos-mercedes","generate-columns","tablet-grid-50","mobile-grid-100","grid-parent","grid-50"],"jetpack_publicize_connections":[],"jetpack_featured_media_url":"","wps_subtitle":"","jetpack_sharing_enabled":true,"_links":{"self":[{"href":"https:\/\/www.hoymercedes.com.ar\/principal\/wp-json\/wp\/v2\/posts\/9930","targetHints":{"allow":["GET"]}}],"collection":[{"href":"https:\/\/www.hoymercedes.com.ar\/principal\/wp-json\/wp\/v2\/posts"}],"about":[{"href":"https:\/\/www.hoymercedes.com.ar\/principal\/wp-json\/wp\/v2\/types\/post"}],"author":[{"embeddable":true,"href":"https:\/\/www.hoymercedes.com.ar\/principal\/wp-json\/wp\/v2\/users\/1"}],"replies":[{"embeddable":true,"href":"https:\/\/www.hoymercedes.com.ar\/principal\/wp-json\/wp\/v2\/comments?post=9930"}],"version-history":[{"count":0,"href":"https:\/\/www.hoymercedes.com.ar\/principal\/wp-json\/wp\/v2\/posts\/9930\/revisions"}],"wp:attachment":[{"href":"https:\/\/www.hoymercedes.com.ar\/principal\/wp-json\/wp\/v2\/media?parent=9930"}],"wp:term":[{"taxonomy":"category","embeddable":true,"href":"https:\/\/www.hoymercedes.com.ar\/principal\/wp-json\/wp\/v2\/categories?post=9930"},{"taxonomy":"post_tag","embeddable":true,"href":"https:\/\/www.hoymercedes.com.ar\/principal\/wp-json\/wp\/v2\/tags?post=9930"}],"curies":[{"name":"wp","href":"https:\/\/api.w.org\/{rel}","templated":true}]}}