{"id":99302,"date":"2019-09-04T07:15:07","date_gmt":"2019-09-04T10:15:07","guid":{"rendered":"http:\/\/www.hoymercedes.com.ar\/principal\/?p=99302"},"modified":"2019-09-04T00:19:02","modified_gmt":"2019-09-04T03:19:02","slug":"menor-detenido-por-comercio-de-estupefacientes","status":"publish","type":"post","link":"https:\/\/www.hoymercedes.com.ar\/principal\/2019\/09\/04\/menor-detenido-por-comercio-de-estupefacientes\/","title":{"rendered":"Menor detenido por comercio de estupefacientes"},"content":{"rendered":"\n<p>El pasado s\u00e1bado 31 de agosto, personal policial de la Delegaci\u00f3n Mercedes de la Polic\u00eda Federal Argentina procedi\u00f3 a la detenci\u00f3n de un menor de edad. El mismo est\u00e1 imputado del delito de \u201cTenencia de estupefacientes con fines de comercializaci\u00f3n agravado por cometerse en lugares de esparcimiento p\u00fablico, reiterado (dos hechos) en concurso real\u201d.<\/p>\n\n\n\n<p>Ello, a ra\u00edz de una orden de detenci\u00f3n librada por el Juzgado de Garant\u00edas del Joven a requerimiento de la Unidad Funcional de Instrucci\u00f3n y Juicio N\u00ba 8 del Fuero de Responsabilidad Penal Juvenil \u2013 a cargo de la doctora Yanina Colicchio\u2013 con colaboraci\u00f3n de la Ayudant\u00eda Fiscal Especializada en Estupefacientes del Departamento Judicial de Mercedes. <\/p>\n\n\n\n<p>Cabe destacar que el individuo, al notar la\npresencia de los uniformados se dio a la fuga, a pie, por calles c\u00e9ntricas de la\nciudad, desoyendo la voz de alto policial. As\u00ed se gener\u00f3 una persecuci\u00f3n por al\nmenos tres cuadras donde finalmente los agentes lograron interceptarlo y\nefectivizar su detenci\u00f3n.<\/p>\n\n\n\n<p>Posteriormente, se logr\u00f3 establecer tambi\u00e9n que\nel mismo estaba imputado en el marco de una investigaci\u00f3n por el robo de un\nkiosco c\u00e9ntrico de esta ciudad.<\/p>\n\n\n\n<p>El menor fue alojado en un centro de contenci\u00f3n en Tandil, donde quedar\u00e1 alojado dado que cuenta con varios antecedentes previos.<\/p>\n\n\n\n<p>Fuente: Ministerio P\u00fablico Bonaerense &#8211; Depto Judicial Mercedes<\/p>\n","protected":false},"excerpt":{"rendered":"<p>El pasado s\u00e1bado 31 de agosto, personal policial de la Delegaci\u00f3n Mercedes de la Polic\u00eda Federal Argentina procedi\u00f3 a la &#8230; <a title=\"Menor detenido por comercio de estupefacientes\" class=\"read-more\" href=\"https:\/\/www.hoymercedes.com.ar\/principal\/2019\/09\/04\/menor-detenido-por-comercio-de-estupefacientes\/\" aria-label=\"Leer m\u00e1s sobre Menor detenido por comercio de estupefacientes\">Leer m\u00e1s<\/a><\/p>\n","protected":false},"author":1,"featured_media":77691,"comment_status":"closed","ping_status":"open","sticky":false,"template":"","format":"standard","meta":{"_monsterinsights_skip_tracking":false,"_monsterinsights_sitenote_active":false,"_monsterinsights_sitenote_note":"","_monsterinsights_sitenote_category":0,"jetpack_post_was_ever_published":false,"_jetpack_newsletter_access":"","_jetpack_dont_email_post_to_subs":false,"_jetpack_newsletter_tier_id":0,"_jetpack_memberships_contains_paywalled_content":false,"_jetpack_memberships_contains_paid_content":false,"footnotes":"","jetpack_publicize_message":"","jetpack_publicize_feature_enabled":true,"jetpack_social_post_already_shared":true,"jetpack_social_options":{"image_generator_settings":{"template":"highway","default_image_id":0,"font":"","enabled":false},"version":2},"_wpas_customize_per_network":false},"categories":[85],"tags":[10352,27,15721,96],"class_list":["post-99302","post","type-post","status-publish","format-standard","has-post-thumbnail","hentry","category-policial","tag-detencion","tag-drogas","tag-menor","tag-policial-2","generate-columns","tablet-grid-50","mobile-grid-100","grid-parent","grid-50"],"jetpack_publicize_connections":[],"jetpack_featured_media_url":"https:\/\/www.hoymercedes.com.ar\/principal\/wp-content\/uploads\/2018\/06\/policia-operativo-2.jpg","wps_subtitle":"En el fuero juvenil","jetpack_sharing_enabled":true,"_links":{"self":[{"href":"https:\/\/www.hoymercedes.com.ar\/principal\/wp-json\/wp\/v2\/posts\/99302","targetHints":{"allow":["GET"]}}],"collection":[{"href":"https:\/\/www.hoymercedes.com.ar\/principal\/wp-json\/wp\/v2\/posts"}],"about":[{"href":"https:\/\/www.hoymercedes.com.ar\/principal\/wp-json\/wp\/v2\/types\/post"}],"author":[{"embeddable":true,"href":"https:\/\/www.hoymercedes.com.ar\/principal\/wp-json\/wp\/v2\/users\/1"}],"replies":[{"embeddable":true,"href":"https:\/\/www.hoymercedes.com.ar\/principal\/wp-json\/wp\/v2\/comments?post=99302"}],"version-history":[{"count":0,"href":"https:\/\/www.hoymercedes.com.ar\/principal\/wp-json\/wp\/v2\/posts\/99302\/revisions"}],"wp:featuredmedia":[{"embeddable":true,"href":"https:\/\/www.hoymercedes.com.ar\/principal\/wp-json\/wp\/v2\/media\/77691"}],"wp:attachment":[{"href":"https:\/\/www.hoymercedes.com.ar\/principal\/wp-json\/wp\/v2\/media?parent=99302"}],"wp:term":[{"taxonomy":"category","embeddable":true,"href":"https:\/\/www.hoymercedes.com.ar\/principal\/wp-json\/wp\/v2\/categories?post=99302"},{"taxonomy":"post_tag","embeddable":true,"href":"https:\/\/www.hoymercedes.com.ar\/principal\/wp-json\/wp\/v2\/tags?post=99302"}],"curies":[{"name":"wp","href":"https:\/\/api.w.org\/{rel}","templated":true}]}}