{"id":99319,"date":"2019-09-04T09:47:08","date_gmt":"2019-09-04T12:47:08","guid":{"rendered":"http:\/\/www.hoymercedes.com.ar\/principal\/?p=99319"},"modified":"2019-09-04T16:10:38","modified_gmt":"2019-09-04T19:10:38","slug":"consejeros-escolares-piden-sesion-especial","status":"publish","type":"post","link":"https:\/\/www.hoymercedes.com.ar\/principal\/2019\/09\/04\/consejeros-escolares-piden-sesion-especial\/","title":{"rendered":"Consejeros Escolares piden sesi\u00f3n especial"},"content":{"rendered":"\n<p>Firmada por los Consejeros Escolares Jos\u00e9 Luis Pisano y Mat\u00edas G\u00f3mez, se present\u00f3 ante las autoridades del Consejo Escolar una sesi\u00f3n especial para este mi\u00e9rcoles. <\/p>\n\n\n\n<p>\u00abPasaron dos sesiones y no se presentaron, dejando sin qu\u00f3rum la herramienta m\u00e1s democr\u00e1tica y constructiva que tememos. Tampoco ninguno de ellos se hizo presente a la reuni\u00f3n de UEGD del d\u00eda de hoy, donde todos los actores de la Educaci\u00f3n local nos reunimos para analizar y construir acciones sobre las necesidades de nuestras escuelas\u00bb, explic\u00f3 Pisano. <\/p>\n\n\n\n<p>\u00abQueremos explicaciones concretas, ya que se han tomado decisiones por fuera de lo que marca la ley y es a nosotros a quienes muchos nos consultan. Queremos saber el por qu\u00e9 de la paralizaci\u00f3n de obras que estaban en marcha y para las cuales el dinero lleg\u00f3, que nos presenten los movimientos bancarios de las distintas cuentas para analizar, que nos den explicaciones sobre las rendiciones de los fondos enviados para obras que no se hicieron, informaci\u00f3n sobre contrataciones y cu\u00e1les es la deuda con proveedores, ya que todos los d\u00edas nos llama uno distinto para preguntar sobre sus pagos\u00bb, agreg\u00f3. <\/p>\n\n\n\n<p><br><\/p>\n","protected":false},"excerpt":{"rendered":"<p>Firmada por los Consejeros Escolares Jos\u00e9 Luis Pisano y Mat\u00edas G\u00f3mez, se present\u00f3 ante las autoridades del Consejo Escolar una &#8230; <a title=\"Consejeros Escolares piden sesi\u00f3n especial\" class=\"read-more\" href=\"https:\/\/www.hoymercedes.com.ar\/principal\/2019\/09\/04\/consejeros-escolares-piden-sesion-especial\/\" aria-label=\"Leer m\u00e1s sobre Consejeros Escolares piden sesi\u00f3n especial\">Leer m\u00e1s<\/a><\/p>\n","protected":false},"author":1,"featured_media":48469,"comment_status":"closed","ping_status":"open","sticky":false,"template":"","format":"standard","meta":{"_monsterinsights_skip_tracking":false,"_monsterinsights_sitenote_active":false,"_monsterinsights_sitenote_note":"","_monsterinsights_sitenote_category":0,"jetpack_post_was_ever_published":false,"_jetpack_newsletter_access":"","_jetpack_dont_email_post_to_subs":false,"_jetpack_newsletter_tier_id":0,"_jetpack_memberships_contains_paywalled_content":false,"_jetpack_memberships_contains_paid_content":false,"footnotes":"","jetpack_publicize_message":"","jetpack_publicize_feature_enabled":true,"jetpack_social_post_already_shared":true,"jetpack_social_options":{"image_generator_settings":{"template":"highway","default_image_id":0,"font":"","enabled":false},"version":2},"_wpas_customize_per_network":false},"categories":[5],"tags":[1317,5319,9095],"class_list":["post-99319","post","type-post","status-publish","format-standard","has-post-thumbnail","hentry","category-politica","tag-consejo-escolar","tag-politica-2","tag-sesion","generate-columns","tablet-grid-50","mobile-grid-100","grid-parent","grid-50"],"jetpack_publicize_connections":[],"jetpack_featured_media_url":"https:\/\/www.hoymercedes.com.ar\/principal\/wp-content\/uploads\/2016\/04\/matiasgomez-joseluispisano.jpg","wps_subtitle":"","jetpack_sharing_enabled":true,"_links":{"self":[{"href":"https:\/\/www.hoymercedes.com.ar\/principal\/wp-json\/wp\/v2\/posts\/99319","targetHints":{"allow":["GET"]}}],"collection":[{"href":"https:\/\/www.hoymercedes.com.ar\/principal\/wp-json\/wp\/v2\/posts"}],"about":[{"href":"https:\/\/www.hoymercedes.com.ar\/principal\/wp-json\/wp\/v2\/types\/post"}],"author":[{"embeddable":true,"href":"https:\/\/www.hoymercedes.com.ar\/principal\/wp-json\/wp\/v2\/users\/1"}],"replies":[{"embeddable":true,"href":"https:\/\/www.hoymercedes.com.ar\/principal\/wp-json\/wp\/v2\/comments?post=99319"}],"version-history":[{"count":0,"href":"https:\/\/www.hoymercedes.com.ar\/principal\/wp-json\/wp\/v2\/posts\/99319\/revisions"}],"wp:featuredmedia":[{"embeddable":true,"href":"https:\/\/www.hoymercedes.com.ar\/principal\/wp-json\/wp\/v2\/media\/48469"}],"wp:attachment":[{"href":"https:\/\/www.hoymercedes.com.ar\/principal\/wp-json\/wp\/v2\/media?parent=99319"}],"wp:term":[{"taxonomy":"category","embeddable":true,"href":"https:\/\/www.hoymercedes.com.ar\/principal\/wp-json\/wp\/v2\/categories?post=99319"},{"taxonomy":"post_tag","embeddable":true,"href":"https:\/\/www.hoymercedes.com.ar\/principal\/wp-json\/wp\/v2\/tags?post=99319"}],"curies":[{"name":"wp","href":"https:\/\/api.w.org\/{rel}","templated":true}]}}