{"id":99338,"date":"2019-09-04T17:30:08","date_gmt":"2019-09-04T20:30:08","guid":{"rendered":"http:\/\/www.hoymercedes.com.ar\/principal\/?p=99338"},"modified":"2019-09-04T17:30:11","modified_gmt":"2019-09-04T20:30:11","slug":"ustarroz-presento-4-nuevos-camiones-0km-adquiridos-por-el-municipio-para-servicios-publicos","status":"publish","type":"post","link":"https:\/\/www.hoymercedes.com.ar\/principal\/2019\/09\/04\/ustarroz-presento-4-nuevos-camiones-0km-adquiridos-por-el-municipio-para-servicios-publicos\/","title":{"rendered":"Ustarroz present\u00f3 4 nuevos camiones 0km adquiridos por el Municipio para Servicios P\u00fablicos"},"content":{"rendered":"\n<p><strong>\u00a0 <\/strong><\/p>\n\n\n\n<figure class=\"wp-block-image\"><img loading=\"lazy\" decoding=\"async\" width=\"948\" height=\"632\" data-attachment-id=\"99339\" data-permalink=\"https:\/\/www.hoymercedes.com.ar\/principal\/2019\/09\/04\/ustarroz-presento-4-nuevos-camiones-0km-adquiridos-por-el-municipio-para-servicios-publicos\/camionesnuevos-2\/#main\" data-orig-file=\"https:\/\/www.hoymercedes.com.ar\/principal\/wp-content\/uploads\/2019\/09\/CamionesNuevos.2.jpg\" data-orig-size=\"948,632\" data-comments-opened=\"0\" data-image-meta=\"{&quot;aperture&quot;:&quot;0&quot;,&quot;credit&quot;:&quot;&quot;,&quot;camera&quot;:&quot;&quot;,&quot;caption&quot;:&quot;&quot;,&quot;created_timestamp&quot;:&quot;0&quot;,&quot;copyright&quot;:&quot;&quot;,&quot;focal_length&quot;:&quot;0&quot;,&quot;iso&quot;:&quot;0&quot;,&quot;shutter_speed&quot;:&quot;0&quot;,&quot;title&quot;:&quot;&quot;,&quot;orientation&quot;:&quot;0&quot;}\" data-image-title=\"CamionesNuevos.2\" data-image-description=\"\" data-image-caption=\"\" data-large-file=\"https:\/\/www.hoymercedes.com.ar\/principal\/wp-content\/uploads\/2019\/09\/CamionesNuevos.2.jpg\" src=\"https:\/\/www.hoymercedes.com.ar\/principal\/wp-content\/uploads\/2019\/09\/CamionesNuevos.2.jpg\" alt=\"\" class=\"wp-image-99339\" srcset=\"https:\/\/www.hoymercedes.com.ar\/principal\/wp-content\/uploads\/2019\/09\/CamionesNuevos.2.jpg 948w, https:\/\/www.hoymercedes.com.ar\/principal\/wp-content\/uploads\/2019\/09\/CamionesNuevos.2-150x100.jpg 150w, https:\/\/www.hoymercedes.com.ar\/principal\/wp-content\/uploads\/2019\/09\/CamionesNuevos.2-630x420.jpg 630w, https:\/\/www.hoymercedes.com.ar\/principal\/wp-content\/uploads\/2019\/09\/CamionesNuevos.2-720x480.jpg 720w, https:\/\/www.hoymercedes.com.ar\/principal\/wp-content\/uploads\/2019\/09\/CamionesNuevos.2-360x240.jpg 360w\" sizes=\"auto, (max-width: 948px) 100vw, 948px\" \/><figcaption>Nuevos camones adquiridos<\/figcaption><\/figure>\n\n\n\n<p>Frente al Palacio Municipal, el\nintendente Juan Ignacio Ustarroz present\u00f3 4 nuevos camiones con su caja\nvolcadora adquiridos por la comuna para continuar mejorando los servicios a los\nvecinos. Son marca Iveco cero kil\u00f3metro que se pondr\u00e1n a disposici\u00f3n del\nmantenimiento de la ciudad. \u201cVenimos haciendo una inversi\u00f3n hist\u00f3rica\u201d\nmanifest\u00f3 el intendente Ustarroz dado que ya se han incorporado casi 70 nuevas\nmaquinarias al municipio. <\/p>\n\n\n\n<p>Al realizar la presentaci\u00f3n el\nintendente Juan Ignacio Ustarroz en primer lugar felicit\u00f3 a los trabajadores\nmunicipales y manifest\u00f3 \u201cdesde el primer d\u00eda lo que buscamos es mejorar las\nherramientas de trabajo, incrementar la cantidad de camiones, tractores y equipos,\nde manera tal que venimos haciendo una inversi\u00f3n que a esta altura es\nhist\u00f3rica\u201d y agreg\u00f3 \u201cson todos veh\u00edculos 0 kil\u00f3metros que son para mejorar los\nservicios\u201d.<\/p>\n\n\n\n<p>Conjuntamente, Ustarroz destac\u00f3\n\u201cdesde lo econ\u00f3mico nosotros hemos hecho esta compra antes de la \u00faltima\ndevaluaci\u00f3n sabiendo que exist\u00eda una tensi\u00f3n con el d\u00f3lar\u201d y a\u00f1adi\u00f3 \u201cesta es la\n\u00faltima compra de una serie de adquisiciones que hemos hecho de manera\nplanificada\u201d.<\/p>\n\n\n\n<figure class=\"wp-block-image\"><img loading=\"lazy\" decoding=\"async\" width=\"768\" height=\"631\" data-attachment-id=\"99340\" data-permalink=\"https:\/\/www.hoymercedes.com.ar\/principal\/2019\/09\/04\/ustarroz-presento-4-nuevos-camiones-0km-adquiridos-por-el-municipio-para-servicios-publicos\/dji_0008-2\/#main\" data-orig-file=\"https:\/\/www.hoymercedes.com.ar\/principal\/wp-content\/uploads\/2019\/09\/DJI_0008.jpg\" data-orig-size=\"768,631\" data-comments-opened=\"0\" data-image-meta=\"{&quot;aperture&quot;:&quot;0&quot;,&quot;credit&quot;:&quot;&quot;,&quot;camera&quot;:&quot;&quot;,&quot;caption&quot;:&quot;&quot;,&quot;created_timestamp&quot;:&quot;0&quot;,&quot;copyright&quot;:&quot;&quot;,&quot;focal_length&quot;:&quot;0&quot;,&quot;iso&quot;:&quot;0&quot;,&quot;shutter_speed&quot;:&quot;0&quot;,&quot;title&quot;:&quot;&quot;,&quot;orientation&quot;:&quot;0&quot;}\" data-image-title=\"DJI_0008\" data-image-description=\"\" data-image-caption=\"\" data-large-file=\"https:\/\/www.hoymercedes.com.ar\/principal\/wp-content\/uploads\/2019\/09\/DJI_0008.jpg\" src=\"https:\/\/www.hoymercedes.com.ar\/principal\/wp-content\/uploads\/2019\/09\/DJI_0008.jpg\" alt=\"\" class=\"wp-image-99340\" srcset=\"https:\/\/www.hoymercedes.com.ar\/principal\/wp-content\/uploads\/2019\/09\/DJI_0008.jpg 768w, https:\/\/www.hoymercedes.com.ar\/principal\/wp-content\/uploads\/2019\/09\/DJI_0008-150x123.jpg 150w, https:\/\/www.hoymercedes.com.ar\/principal\/wp-content\/uploads\/2019\/09\/DJI_0008-630x518.jpg 630w\" sizes=\"auto, (max-width: 768px) 100vw, 768px\" \/><figcaption>Marca Iveco<\/figcaption><\/figure>\n\n\n\n<p><strong>Recursos <\/strong><\/p>\n\n\n\n<p>\u201cEl no alquilar camiones en el\ntiempo termina siendo m\u00e1s econ\u00f3mico para el Municipio\u201d apunt\u00f3 el Dr. Ustarroz y\ndestac\u00f3 \u201cesta compra es una inversi\u00f3n que en total, entre veh\u00edculos y\npatentamiento, conllev\u00f3 un desembolso en efectivo de 12 millones de pesos, algo\nque se logra teniendo una econom\u00eda saneada\u201d.<\/p>\n\n\n\n<p>En ese sentido, el intendente\nUstarroz indic\u00f3 \u201cyo recuerdo en el a\u00f1o 2016\/17 cuando nosotros hab\u00edamos\nplanteado crear un fondo antic\u00edclico, que fue muy criticado, pero que hoy\nlamentablemente la realidad nos dio la raz\u00f3n. Gracias a ese fondo podemos\nseguir invirtiendo no solamente en maquinaria sino tambi\u00e9n en obra p\u00fablica\u201d. <\/p>\n\n\n\n<figure class=\"wp-block-image\"><img loading=\"lazy\" decoding=\"async\" width=\"948\" height=\"632\" data-attachment-id=\"99341\" data-permalink=\"https:\/\/www.hoymercedes.com.ar\/principal\/2019\/09\/04\/ustarroz-presento-4-nuevos-camiones-0km-adquiridos-por-el-municipio-para-servicios-publicos\/camionesnuevos-3\/#main\" data-orig-file=\"https:\/\/www.hoymercedes.com.ar\/principal\/wp-content\/uploads\/2019\/09\/CamionesNuevos.3.jpg\" data-orig-size=\"948,632\" data-comments-opened=\"0\" data-image-meta=\"{&quot;aperture&quot;:&quot;0&quot;,&quot;credit&quot;:&quot;&quot;,&quot;camera&quot;:&quot;&quot;,&quot;caption&quot;:&quot;&quot;,&quot;created_timestamp&quot;:&quot;0&quot;,&quot;copyright&quot;:&quot;&quot;,&quot;focal_length&quot;:&quot;0&quot;,&quot;iso&quot;:&quot;0&quot;,&quot;shutter_speed&quot;:&quot;0&quot;,&quot;title&quot;:&quot;&quot;,&quot;orientation&quot;:&quot;0&quot;}\" data-image-title=\"CamionesNuevos.3\" data-image-description=\"\" data-image-caption=\"\" data-large-file=\"https:\/\/www.hoymercedes.com.ar\/principal\/wp-content\/uploads\/2019\/09\/CamionesNuevos.3.jpg\" src=\"https:\/\/www.hoymercedes.com.ar\/principal\/wp-content\/uploads\/2019\/09\/CamionesNuevos.3.jpg\" alt=\"\" class=\"wp-image-99341\" srcset=\"https:\/\/www.hoymercedes.com.ar\/principal\/wp-content\/uploads\/2019\/09\/CamionesNuevos.3.jpg 948w, https:\/\/www.hoymercedes.com.ar\/principal\/wp-content\/uploads\/2019\/09\/CamionesNuevos.3-150x100.jpg 150w, https:\/\/www.hoymercedes.com.ar\/principal\/wp-content\/uploads\/2019\/09\/CamionesNuevos.3-630x420.jpg 630w, https:\/\/www.hoymercedes.com.ar\/principal\/wp-content\/uploads\/2019\/09\/CamionesNuevos.3-720x480.jpg 720w, https:\/\/www.hoymercedes.com.ar\/principal\/wp-content\/uploads\/2019\/09\/CamionesNuevos.3-360x240.jpg 360w\" sizes=\"auto, (max-width: 948px) 100vw, 948px\" \/><figcaption>Junto a trabajadores del \u00e1rea <\/figcaption><\/figure>\n\n\n\n<p><strong>Ciudad <\/strong><\/p>\n\n\n\n<p>Adem\u00e1s, el intendente Ustarroz\nagradeci\u00f3 a todos los vecinos de Mercedes por la excelente recaudaci\u00f3n que\ncontin\u00faa manteni\u00e9ndose en valores muy altos \u201ccreo que esto se da porque el\nvecino ve el esfuerzo, el crecimiento y el desarrollo que se est\u00e1 llevando\nadelante en la ciudad\u201d. <\/p>\n\n\n\n<p>Por su parte, el Jefe del Corral\u00f3n, Luis Ponce se\u00f1al\u00f3 \u201ces un d\u00eda de mucha alegr\u00eda para toda el \u00e1rea y la sociedad ya que estamos incorporando 4 camiones Iveco cero kil\u00f3metros, 3 de ellos para zanjeo y mantenimiento de las calles y uno para el \u00e1rea vial\u201d y destac\u00f3 \u201ces muy importante para nosotros seguir adquiriendo estos veh\u00edculos para continuar llegando a cada uno de los vecinos\u201d.<\/p>\n\n\n\n<p>Info: Prensa Municipio<\/p>\n","protected":false},"excerpt":{"rendered":"<p>\u00a0 Frente al Palacio Municipal, el intendente Juan Ignacio Ustarroz present\u00f3 4 nuevos camiones con su caja volcadora adquiridos por &#8230; <a title=\"Ustarroz present\u00f3 4 nuevos camiones 0km adquiridos por el Municipio para Servicios P\u00fablicos\" class=\"read-more\" href=\"https:\/\/www.hoymercedes.com.ar\/principal\/2019\/09\/04\/ustarroz-presento-4-nuevos-camiones-0km-adquiridos-por-el-municipio-para-servicios-publicos\/\" aria-label=\"Leer m\u00e1s sobre Ustarroz present\u00f3 4 nuevos camiones 0km adquiridos por el Municipio para Servicios P\u00fablicos\">Leer m\u00e1s<\/a><\/p>\n","protected":false},"author":1,"featured_media":99339,"comment_status":"closed","ping_status":"open","sticky":false,"template":"","format":"standard","meta":{"_monsterinsights_skip_tracking":false,"_monsterinsights_sitenote_active":false,"_monsterinsights_sitenote_note":"","_monsterinsights_sitenote_category":0,"jetpack_post_was_ever_published":false,"_jetpack_newsletter_access":"","_jetpack_dont_email_post_to_subs":false,"_jetpack_newsletter_tier_id":0,"_jetpack_memberships_contains_paywalled_content":false,"_jetpack_memberships_contains_paid_content":false,"footnotes":"","jetpack_publicize_message":"","jetpack_publicize_feature_enabled":true,"jetpack_social_post_already_shared":true,"jetpack_social_options":{"image_generator_settings":{"template":"highway","default_image_id":0,"font":"","enabled":false},"version":2},"_wpas_customize_per_network":false},"categories":[30],"tags":[15724,8628,424],"class_list":["post-99338","post","type-post","status-publish","format-standard","has-post-thumbnail","hentry","category-municipio","tag-nuevos-camiones","tag-servicios-publicos","tag-ustarroz","generate-columns","tablet-grid-50","mobile-grid-100","grid-parent","grid-50"],"jetpack_publicize_connections":[],"jetpack_featured_media_url":"https:\/\/www.hoymercedes.com.ar\/principal\/wp-content\/uploads\/2019\/09\/CamionesNuevos.2.jpg","wps_subtitle":"Inversi\u00f3n comunal","jetpack_sharing_enabled":true,"_links":{"self":[{"href":"https:\/\/www.hoymercedes.com.ar\/principal\/wp-json\/wp\/v2\/posts\/99338","targetHints":{"allow":["GET"]}}],"collection":[{"href":"https:\/\/www.hoymercedes.com.ar\/principal\/wp-json\/wp\/v2\/posts"}],"about":[{"href":"https:\/\/www.hoymercedes.com.ar\/principal\/wp-json\/wp\/v2\/types\/post"}],"author":[{"embeddable":true,"href":"https:\/\/www.hoymercedes.com.ar\/principal\/wp-json\/wp\/v2\/users\/1"}],"replies":[{"embeddable":true,"href":"https:\/\/www.hoymercedes.com.ar\/principal\/wp-json\/wp\/v2\/comments?post=99338"}],"version-history":[{"count":0,"href":"https:\/\/www.hoymercedes.com.ar\/principal\/wp-json\/wp\/v2\/posts\/99338\/revisions"}],"wp:featuredmedia":[{"embeddable":true,"href":"https:\/\/www.hoymercedes.com.ar\/principal\/wp-json\/wp\/v2\/media\/99339"}],"wp:attachment":[{"href":"https:\/\/www.hoymercedes.com.ar\/principal\/wp-json\/wp\/v2\/media?parent=99338"}],"wp:term":[{"taxonomy":"category","embeddable":true,"href":"https:\/\/www.hoymercedes.com.ar\/principal\/wp-json\/wp\/v2\/categories?post=99338"},{"taxonomy":"post_tag","embeddable":true,"href":"https:\/\/www.hoymercedes.com.ar\/principal\/wp-json\/wp\/v2\/tags?post=99338"}],"curies":[{"name":"wp","href":"https:\/\/api.w.org\/{rel}","templated":true}]}}