{"id":99372,"date":"2019-09-05T10:59:51","date_gmt":"2019-09-05T13:59:51","guid":{"rendered":"http:\/\/www.hoymercedes.com.ar\/principal\/?p=99372"},"modified":"2019-09-05T17:29:54","modified_gmt":"2019-09-05T20:29:54","slug":"lujan-detienen-a-un-sujeto-por-homicidio-en-tentativa","status":"publish","type":"post","link":"https:\/\/www.hoymercedes.com.ar\/principal\/2019\/09\/05\/lujan-detienen-a-un-sujeto-por-homicidio-en-tentativa\/","title":{"rendered":"Luj\u00e1n: Detienen a un sujeto por homicidio en tentativa"},"content":{"rendered":"\n<p>El pasado martes 03 de septiembre,\u00a0 polic\u00eda de la localidad de Luj\u00e1n efectiviz\u00f3 cuatro allanamientos en la ciudad y procedi\u00f3 a la aprehensi\u00f3n de un hombre de 29 a\u00f1os. Ello en el marco de una investigaci\u00f3n penal preparatoria por una denuncia de intento de homicidio.<\/p>\n\n\n\n<p>De acuerdo a lo que pudo\nconocerse, el pasado 28 de agosto en horas del mediod\u00eda, el ahora imputado\narremeti\u00f3 a los disparos contra otro sujeto en cercan\u00edas de una gomer\u00eda ubicada\nen&nbsp; Colectora Acceso Oeste y Ruta 192.\nAfortunadamente, la v\u00edctima solo recibi\u00f3 lesiones leves tras haber logrado\nrefugiarse cerrando la puerta de blindex que asegura el comercio. <\/p>\n\n\n\n<p>Tras recabar distintos elementos de inter\u00e9s para la investigaci\u00f3n, la Unidad Funcional de Instrucci\u00f3n N\u00ba 9 del Departamento Judicial de Mercedes, a cargo de la doctora Laura Cordiviola, solicit\u00f3 al Juzgado de Garant\u00edas N\u00ba 1 Departamental a cargo del Dr. Marcelo Romero, una orden de allanamiento para cuatro domicilio y la detenci\u00f3n de este sujeto por el delito de \u201cHomicidio agravado por haber sido cometido mediante el empleo de un arma de fuego y por su comisi\u00f3n con alevos\u00eda, en grado de tentativa\u201d. <\/p>\n\n\n\n<p>El imputado compareci\u00f3 ante la agente fiscal este mi\u00e9rcoles, en el marco de la audiencia de declaraci\u00f3n en los t\u00e9rminos del art. 308 del C\u00f3digo Procesal Penal. <\/p>\n\n\n\n<p>Fuente: Ministerio P\u00fablico Bonaerense &#8211; Depto Judicial Mercedes<\/p>\n","protected":false},"excerpt":{"rendered":"<p>El pasado martes 03 de septiembre,\u00a0 polic\u00eda de la localidad de Luj\u00e1n efectiviz\u00f3 cuatro allanamientos en la ciudad y procedi\u00f3 &#8230; <a title=\"Luj\u00e1n: Detienen a un sujeto por homicidio en tentativa\" class=\"read-more\" href=\"https:\/\/www.hoymercedes.com.ar\/principal\/2019\/09\/05\/lujan-detienen-a-un-sujeto-por-homicidio-en-tentativa\/\" aria-label=\"Leer m\u00e1s sobre Luj\u00e1n: Detienen a un sujeto por homicidio en tentativa\">Leer m\u00e1s<\/a><\/p>\n","protected":false},"author":1,"featured_media":95883,"comment_status":"closed","ping_status":"open","sticky":false,"template":"","format":"standard","meta":{"_monsterinsights_skip_tracking":false,"_monsterinsights_sitenote_active":false,"_monsterinsights_sitenote_note":"","_monsterinsights_sitenote_category":0,"jetpack_post_was_ever_published":false,"_jetpack_newsletter_access":"","_jetpack_dont_email_post_to_subs":false,"_jetpack_newsletter_tier_id":0,"_jetpack_memberships_contains_paywalled_content":false,"_jetpack_memberships_contains_paid_content":false,"footnotes":"","jetpack_publicize_message":"","jetpack_publicize_feature_enabled":true,"jetpack_social_post_already_shared":true,"jetpack_social_options":{"image_generator_settings":{"template":"highway","default_image_id":0,"font":"","enabled":false},"version":2},"_wpas_customize_per_network":false},"categories":[85],"tags":[10352,86,96],"class_list":["post-99372","post","type-post","status-publish","format-standard","has-post-thumbnail","hentry","category-policial","tag-detencion","tag-lujan","tag-policial-2","generate-columns","tablet-grid-50","mobile-grid-100","grid-parent","grid-50"],"jetpack_publicize_connections":[],"jetpack_featured_media_url":"https:\/\/www.hoymercedes.com.ar\/principal\/wp-content\/uploads\/2019\/06\/29-policial-lujan-1.jpg","wps_subtitle":"Regional","jetpack_sharing_enabled":true,"_links":{"self":[{"href":"https:\/\/www.hoymercedes.com.ar\/principal\/wp-json\/wp\/v2\/posts\/99372","targetHints":{"allow":["GET"]}}],"collection":[{"href":"https:\/\/www.hoymercedes.com.ar\/principal\/wp-json\/wp\/v2\/posts"}],"about":[{"href":"https:\/\/www.hoymercedes.com.ar\/principal\/wp-json\/wp\/v2\/types\/post"}],"author":[{"embeddable":true,"href":"https:\/\/www.hoymercedes.com.ar\/principal\/wp-json\/wp\/v2\/users\/1"}],"replies":[{"embeddable":true,"href":"https:\/\/www.hoymercedes.com.ar\/principal\/wp-json\/wp\/v2\/comments?post=99372"}],"version-history":[{"count":0,"href":"https:\/\/www.hoymercedes.com.ar\/principal\/wp-json\/wp\/v2\/posts\/99372\/revisions"}],"wp:featuredmedia":[{"embeddable":true,"href":"https:\/\/www.hoymercedes.com.ar\/principal\/wp-json\/wp\/v2\/media\/95883"}],"wp:attachment":[{"href":"https:\/\/www.hoymercedes.com.ar\/principal\/wp-json\/wp\/v2\/media?parent=99372"}],"wp:term":[{"taxonomy":"category","embeddable":true,"href":"https:\/\/www.hoymercedes.com.ar\/principal\/wp-json\/wp\/v2\/categories?post=99372"},{"taxonomy":"post_tag","embeddable":true,"href":"https:\/\/www.hoymercedes.com.ar\/principal\/wp-json\/wp\/v2\/tags?post=99372"}],"curies":[{"name":"wp","href":"https:\/\/api.w.org\/{rel}","templated":true}]}}