{"id":99381,"date":"2019-09-05T18:00:23","date_gmt":"2019-09-05T21:00:23","guid":{"rendered":"http:\/\/www.hoymercedes.com.ar\/principal\/?p=99381"},"modified":"2019-09-05T17:28:41","modified_gmt":"2019-09-05T20:28:41","slug":"un-aprehendido-por-tenencia-ilegal-de-arma","status":"publish","type":"post","link":"https:\/\/www.hoymercedes.com.ar\/principal\/2019\/09\/05\/un-aprehendido-por-tenencia-ilegal-de-arma\/","title":{"rendered":"Un aprehendido por tenencia ilegal de arma"},"content":{"rendered":"\n<p>Durante el viernes 30 de agosto, en horas de la tarde, personal policial de la Delegaci\u00f3n Mercedes de la Polic\u00eda Federal Argentina procedi\u00f3 a la aprehensi\u00f3n de un sujeto mayor de edad (20 a\u00f1os) en calles 14 y 103 de esta ciudad. En su poder se secuestr\u00f3 una pistola calibre 22 con varias municiones en su cargador, la cual detentaba sin la debida autorizaci\u00f3n legal.<\/p>\n\n\n\n<p>Cabe se\u00f1alar que previamente el aprehendido, al\nobservar la presencia de los uniformados en cercan\u00edas del lugar en el que se\nencontraba intent\u00f3 huir a toda carrera, siendo alcanzado y detenido por los\nefectivos policiales.<\/p>\n\n\n\n<p>El imputado registraba antecedentes previos\ncomputables, y por lo tanto, la Unidad Funcional de Instrucci\u00f3n N.\u00ba 6 del\nDepartamento Judicial Mercedes \u2013 a cargo del doctor Luis Carcagno \u2013 solicit\u00f3 la\ndetenci\u00f3n del mismo al Juzgado de Garant\u00edas N\u00ba 1 Departamental a cargo del Dr.\nMarcelo Romero por el delito de \u201cTenencia ilegal de arma de fuego de uso\ncivil\u201d.<\/p>\n\n\n\n<p>En la misma jornada compareci\u00f3 ante el agente fiscal en el marco de la audiencia de declaraci\u00f3n en los t\u00e9rminos del art. 308 del C\u00f3digo Procesal Penal. <\/p>\n\n\n\n<p>Fuente: Ministerio P\u00fablico Bonaerense &#8211; Departamento Judicial Mercedes<\/p>\n","protected":false},"excerpt":{"rendered":"<p>Durante el viernes 30 de agosto, en horas de la tarde, personal policial de la Delegaci\u00f3n Mercedes de la Polic\u00eda &#8230; <a title=\"Un aprehendido por tenencia ilegal de arma\" class=\"read-more\" href=\"https:\/\/www.hoymercedes.com.ar\/principal\/2019\/09\/05\/un-aprehendido-por-tenencia-ilegal-de-arma\/\" aria-label=\"Leer m\u00e1s sobre Un aprehendido por tenencia ilegal de arma\">Leer m\u00e1s<\/a><\/p>\n","protected":false},"author":1,"featured_media":92785,"comment_status":"closed","ping_status":"open","sticky":false,"template":"","format":"standard","meta":{"_monsterinsights_skip_tracking":false,"_monsterinsights_sitenote_active":false,"_monsterinsights_sitenote_note":"","_monsterinsights_sitenote_category":0,"jetpack_post_was_ever_published":false,"_jetpack_newsletter_access":"","_jetpack_dont_email_post_to_subs":false,"_jetpack_newsletter_tier_id":0,"_jetpack_memberships_contains_paywalled_content":false,"_jetpack_memberships_contains_paid_content":false,"footnotes":"","jetpack_publicize_message":"","jetpack_publicize_feature_enabled":true,"jetpack_social_post_already_shared":true,"jetpack_social_options":{"image_generator_settings":{"template":"highway","default_image_id":0,"font":"","enabled":false},"version":2},"_wpas_customize_per_network":false},"categories":[85],"tags":[10352,96],"class_list":["post-99381","post","type-post","status-publish","format-standard","has-post-thumbnail","hentry","category-policial","tag-detencion","tag-policial-2","generate-columns","tablet-grid-50","mobile-grid-100","grid-parent","grid-50"],"jetpack_publicize_connections":[],"jetpack_featured_media_url":"https:\/\/www.hoymercedes.com.ar\/principal\/wp-content\/uploads\/2019\/05\/12-policia-patrulleros.jpg","wps_subtitle":"Detenci\u00f3n en Mercedes","jetpack_sharing_enabled":true,"_links":{"self":[{"href":"https:\/\/www.hoymercedes.com.ar\/principal\/wp-json\/wp\/v2\/posts\/99381","targetHints":{"allow":["GET"]}}],"collection":[{"href":"https:\/\/www.hoymercedes.com.ar\/principal\/wp-json\/wp\/v2\/posts"}],"about":[{"href":"https:\/\/www.hoymercedes.com.ar\/principal\/wp-json\/wp\/v2\/types\/post"}],"author":[{"embeddable":true,"href":"https:\/\/www.hoymercedes.com.ar\/principal\/wp-json\/wp\/v2\/users\/1"}],"replies":[{"embeddable":true,"href":"https:\/\/www.hoymercedes.com.ar\/principal\/wp-json\/wp\/v2\/comments?post=99381"}],"version-history":[{"count":0,"href":"https:\/\/www.hoymercedes.com.ar\/principal\/wp-json\/wp\/v2\/posts\/99381\/revisions"}],"wp:featuredmedia":[{"embeddable":true,"href":"https:\/\/www.hoymercedes.com.ar\/principal\/wp-json\/wp\/v2\/media\/92785"}],"wp:attachment":[{"href":"https:\/\/www.hoymercedes.com.ar\/principal\/wp-json\/wp\/v2\/media?parent=99381"}],"wp:term":[{"taxonomy":"category","embeddable":true,"href":"https:\/\/www.hoymercedes.com.ar\/principal\/wp-json\/wp\/v2\/categories?post=99381"},{"taxonomy":"post_tag","embeddable":true,"href":"https:\/\/www.hoymercedes.com.ar\/principal\/wp-json\/wp\/v2\/tags?post=99381"}],"curies":[{"name":"wp","href":"https:\/\/api.w.org\/{rel}","templated":true}]}}