{"id":99384,"date":"2019-09-05T17:11:20","date_gmt":"2019-09-05T20:11:20","guid":{"rendered":"http:\/\/www.hoymercedes.com.ar\/principal\/?p=99384"},"modified":"2019-09-05T17:29:01","modified_gmt":"2019-09-05T20:29:01","slug":"crecen-los-viajes-de-entidades-locales-con-los-minubuses-comunales","status":"publish","type":"post","link":"https:\/\/www.hoymercedes.com.ar\/principal\/2019\/09\/05\/crecen-los-viajes-de-entidades-locales-con-los-minubuses-comunales\/","title":{"rendered":"Crecen los viajes de entidades locales con los minubuses comunales"},"content":{"rendered":"\n<p>En estos d\u00edas arribaron a los 400 viajes para actividades de instituciones escolares, deportivas y actividades sociales. Deporte, cultura, educaci\u00f3n, formaci\u00f3n, diversos motivos e instituciones ya dieron uso del servicio brindado por la Municipalidad de Mercedes.<\/p>\n\n\n\n<p>Los buses realizaron 400 viajes a nivel local, como as\u00ed tambi\u00e9n a otros puntos de la provincia de Buenos Aires. Este medio de transporte asiste a diferentes instituciones de la ciudad, educativas, deportivas y sociales.<\/p>\n\n\n\n<p>El intendente Juan Ignacio Ustarroz, frente al palacio municipal, remarc\u00f3 \u201cla labor por parte de los trabajadores y el cuidado de los veh\u00edculos que luego de 400 viajes se conservan en un muy buen estado\u201d y agreg\u00f3 \u201cnosotros podemos hacer la planificaci\u00f3n, inversi\u00f3n y administraci\u00f3n pero si no contamos \u2013como en este caso- con el compromiso de los choferes que cuidan no s\u00f3lo a los veh\u00edculos, sino tambi\u00e9n a las personas, esto no ser\u00eda posible\u201d.<\/p>\n\n\n\n<p>Asimismo, Ustarroz subray\u00f3 \u201clos vecinos me lo dicen constantemente, con la calidez que son atendidos, recibidos y trasladados por nuestros trabajadores municipales\u201d y apunt\u00f3 \u201cen su momento fue una inversi\u00f3n la cual hoy vemos que claramente ha redundado en un beneficio para una gran cantidad de vecinos de nuestra ciudad\u201d.<\/p>\n\n\n\n<p>Por otro lado, y ante la problem\u00e1tica que se suscita en la mantenci\u00f3n del funcionamiento de los mismos, Ustarroz expres\u00f3 \u201cno podemos negar que en estos \u00faltimos a\u00f1os el combustible ha aumentado m\u00e1s de un 500 por ciento, pero estos veh\u00edculos son destinados a la educaci\u00f3n, al deporte, cultura, etc. Y en estas cuestiones uno nunca debe dejar de invertir, porque de dejar de hacerlo, a la crisis econ\u00f3mica le vamos a a\u00f1adir crisis social y de valores\u201d.<\/p>\n\n\n\n<p>\u201cUna gesti\u00f3n que ha hecho especial \u00e9nfasis en el manejo de la econom\u00eda desde una perspectiva de transparencia y de honestidad, hoy se permite seguir avanzando con recursos que son limitados pero que se optimizan al m\u00e1ximo\u201d manifest\u00f3 el intendente Ustarroz.&nbsp;&nbsp;&nbsp;&nbsp;&nbsp;&nbsp;&nbsp;&nbsp;&nbsp;&nbsp;&nbsp;<\/p>\n\n\n\n<p>Por su parte, el Secretario de Gobierno Juan Pablo L\u00f3pez Baggio dijo \u201cestamos muy contentos, porque este es un servicio que presta la Municipalidad de Mercedes a un mont\u00f3n de instituciones, mismo que las escuelas disfrutan semanalmente\u201d<\/p>\n\n\n\n<p>\u201cPara el Municipio es un orgullo poder estar asistiendo, no solamente a los colegios sino a instituciones deportivas, art\u00edsticas, en fin, un sin n\u00famero de beneficiarios que utilizan este servicio tan necesario e importante\u201d.<\/p>\n\n\n\n<p>Fuente: Prensa Municipal<br><\/p>\n","protected":false},"excerpt":{"rendered":"<p>En estos d\u00edas arribaron a los 400 viajes para actividades de instituciones escolares, deportivas y actividades sociales. Deporte, cultura, educaci\u00f3n, &#8230; <a title=\"Crecen los viajes de entidades locales con los minubuses comunales\" class=\"read-more\" href=\"https:\/\/www.hoymercedes.com.ar\/principal\/2019\/09\/05\/crecen-los-viajes-de-entidades-locales-con-los-minubuses-comunales\/\" aria-label=\"Leer m\u00e1s sobre Crecen los viajes de entidades locales con los minubuses comunales\">Leer m\u00e1s<\/a><\/p>\n","protected":false},"author":1,"featured_media":99385,"comment_status":"closed","ping_status":"open","sticky":false,"template":"","format":"standard","meta":{"_monsterinsights_skip_tracking":false,"_monsterinsights_sitenote_active":false,"_monsterinsights_sitenote_note":"","_monsterinsights_sitenote_category":0,"jetpack_post_was_ever_published":false,"_jetpack_newsletter_access":"","_jetpack_dont_email_post_to_subs":false,"_jetpack_newsletter_tier_id":0,"_jetpack_memberships_contains_paywalled_content":false,"_jetpack_memberships_contains_paid_content":false,"footnotes":"","jetpack_publicize_message":"","jetpack_publicize_feature_enabled":true,"jetpack_social_post_already_shared":true,"jetpack_social_options":{"image_generator_settings":{"template":"highway","default_image_id":0,"font":"","enabled":false},"version":2},"_wpas_customize_per_network":false},"categories":[30],"tags":[12011,244,11164],"class_list":["post-99384","post","type-post","status-publish","format-standard","has-post-thumbnail","hentry","category-municipio","tag-minibuses","tag-municipio-2","tag-viajes","generate-columns","tablet-grid-50","mobile-grid-100","grid-parent","grid-50"],"jetpack_publicize_connections":[],"jetpack_featured_media_url":"https:\/\/www.hoymercedes.com.ar\/principal\/wp-content\/uploads\/2019\/09\/05-Minibuses.jpg","wps_subtitle":"Cuatrocientos viajes","jetpack_sharing_enabled":true,"_links":{"self":[{"href":"https:\/\/www.hoymercedes.com.ar\/principal\/wp-json\/wp\/v2\/posts\/99384","targetHints":{"allow":["GET"]}}],"collection":[{"href":"https:\/\/www.hoymercedes.com.ar\/principal\/wp-json\/wp\/v2\/posts"}],"about":[{"href":"https:\/\/www.hoymercedes.com.ar\/principal\/wp-json\/wp\/v2\/types\/post"}],"author":[{"embeddable":true,"href":"https:\/\/www.hoymercedes.com.ar\/principal\/wp-json\/wp\/v2\/users\/1"}],"replies":[{"embeddable":true,"href":"https:\/\/www.hoymercedes.com.ar\/principal\/wp-json\/wp\/v2\/comments?post=99384"}],"version-history":[{"count":0,"href":"https:\/\/www.hoymercedes.com.ar\/principal\/wp-json\/wp\/v2\/posts\/99384\/revisions"}],"wp:featuredmedia":[{"embeddable":true,"href":"https:\/\/www.hoymercedes.com.ar\/principal\/wp-json\/wp\/v2\/media\/99385"}],"wp:attachment":[{"href":"https:\/\/www.hoymercedes.com.ar\/principal\/wp-json\/wp\/v2\/media?parent=99384"}],"wp:term":[{"taxonomy":"category","embeddable":true,"href":"https:\/\/www.hoymercedes.com.ar\/principal\/wp-json\/wp\/v2\/categories?post=99384"},{"taxonomy":"post_tag","embeddable":true,"href":"https:\/\/www.hoymercedes.com.ar\/principal\/wp-json\/wp\/v2\/tags?post=99384"}],"curies":[{"name":"wp","href":"https:\/\/api.w.org\/{rel}","templated":true}]}}