{"id":99428,"date":"2019-09-06T15:23:59","date_gmt":"2019-09-06T18:23:59","guid":{"rendered":"http:\/\/www.hoymercedes.com.ar\/principal\/?p=99428"},"modified":"2019-09-07T11:48:03","modified_gmt":"2019-09-07T14:48:03","slug":"marcos-paz-una-aprehendida-por-comercio-de-estupefacientes","status":"publish","type":"post","link":"https:\/\/www.hoymercedes.com.ar\/principal\/2019\/09\/06\/marcos-paz-una-aprehendida-por-comercio-de-estupefacientes\/","title":{"rendered":"Marcos Paz: Una aprehendida por comercio de estupefacientes"},"content":{"rendered":"\n<p>En la jornada del s\u00e1bado 31 de agosto del corriente, personal policial de \u00a0la Direcci\u00f3n Departamental Mercedes del Tr\u00e1fico de Drogas Il\u00edcitas y Crimen Organizado \u00a0llev\u00f3 a cabo un allanamiento en una vivienda de calles Las Heras entre 3 de Febrero y Feijoo de la localidad de Marcos Paz, en el marco de una investigaci\u00f3n por infracci\u00f3n a la Ley 23.737 (de estupefacientes).<\/p>\n\n\n\n<p>Los efectivos llevaron a cabo la orden judicial emanada por\nel Juzgado de Garant\u00edas N.\u00ba 1 a instancias de la&nbsp; Unidad Funcional de Instrucci\u00f3n y Juicio N.\u00ba 2 &#8211;&nbsp; a cargo del dr. Sebasti\u00e1n Villalba\u2013 y la\nAyudant\u00eda Fiscal Especializada en Estupefacientes del Departamento Judicial\nMercedes. En ese\nmarco, lograron la aprehensi\u00f3n de una mujer mayor de edad (49 a\u00f1os), oriunda de\nla provincia de Salta; conocida en la zona por los apodos de \u201cLa boli\u201d o \u201cLa\nperuana\u201d.<\/p>\n\n\n\n<p>En la vivienda se secuestr\u00f3 una importante cantidad de dosis\nde clorhidrato de coca\u00edna (en total 31) que estaban en poder la imputada, y en\nel registro encontraron tambi\u00e9n recortes de nylon, balanza de precisi\u00f3n y\ntijeras, objetos estos relacionados con el corte y fraccionamiento de material\nestupefaciente.<\/p>\n\n\n\n<p>Ante estos elementos probatorios, el fiscal orden\u00f3 la aprehensi\u00f3n en la urgencia por el delito de \u201cTenencia de Estupefacientes con fines de Comercializaci\u00f3n en dosis fraccionadas destinadas directamente a los consumidores \u201d y le recibi\u00f3 declaraci\u00f3n en los t\u00e9rminos del art. 308 del C\u00f3digo Procesal Penal. Posteriormente, el juez de Garant\u00edas, dr. Marcelo Romero dispuso la detenci\u00f3n de la imputada que qued\u00f3 alojada en dependencia policial. <\/p>\n\n\n\n<p>Fuente: Ministerio P\u00fablico Bonaerense &#8211; Depto. Judicial Mercedes<\/p>\n","protected":false},"excerpt":{"rendered":"<p>En la jornada del s\u00e1bado 31 de agosto del corriente, personal policial de \u00a0la Direcci\u00f3n Departamental Mercedes del Tr\u00e1fico de &#8230; <a title=\"Marcos Paz: Una aprehendida por comercio de estupefacientes\" class=\"read-more\" href=\"https:\/\/www.hoymercedes.com.ar\/principal\/2019\/09\/06\/marcos-paz-una-aprehendida-por-comercio-de-estupefacientes\/\" aria-label=\"Leer m\u00e1s sobre Marcos Paz: Una aprehendida por comercio de estupefacientes\">Leer m\u00e1s<\/a><\/p>\n","protected":false},"author":1,"featured_media":99429,"comment_status":"closed","ping_status":"open","sticky":false,"template":"","format":"standard","meta":{"_monsterinsights_skip_tracking":false,"_monsterinsights_sitenote_active":false,"_monsterinsights_sitenote_note":"","_monsterinsights_sitenote_category":0,"jetpack_post_was_ever_published":false,"_jetpack_newsletter_access":"","_jetpack_dont_email_post_to_subs":false,"_jetpack_newsletter_tier_id":0,"_jetpack_memberships_contains_paywalled_content":false,"_jetpack_memberships_contains_paid_content":false,"footnotes":"","jetpack_publicize_message":"","jetpack_publicize_feature_enabled":true,"jetpack_social_post_already_shared":true,"jetpack_social_options":{"image_generator_settings":{"template":"highway","default_image_id":0,"font":"","enabled":false},"version":2},"_wpas_customize_per_network":false},"categories":[85],"tags":[96,1057],"class_list":["post-99428","post","type-post","status-publish","format-standard","has-post-thumbnail","hentry","category-policial","tag-policial-2","tag-regional","generate-columns","tablet-grid-50","mobile-grid-100","grid-parent","grid-50"],"jetpack_publicize_connections":[],"jetpack_featured_media_url":"https:\/\/www.hoymercedes.com.ar\/principal\/wp-content\/uploads\/2019\/09\/06-policial-marcos-paz.jpg","wps_subtitle":"Regional","jetpack_sharing_enabled":true,"_links":{"self":[{"href":"https:\/\/www.hoymercedes.com.ar\/principal\/wp-json\/wp\/v2\/posts\/99428","targetHints":{"allow":["GET"]}}],"collection":[{"href":"https:\/\/www.hoymercedes.com.ar\/principal\/wp-json\/wp\/v2\/posts"}],"about":[{"href":"https:\/\/www.hoymercedes.com.ar\/principal\/wp-json\/wp\/v2\/types\/post"}],"author":[{"embeddable":true,"href":"https:\/\/www.hoymercedes.com.ar\/principal\/wp-json\/wp\/v2\/users\/1"}],"replies":[{"embeddable":true,"href":"https:\/\/www.hoymercedes.com.ar\/principal\/wp-json\/wp\/v2\/comments?post=99428"}],"version-history":[{"count":0,"href":"https:\/\/www.hoymercedes.com.ar\/principal\/wp-json\/wp\/v2\/posts\/99428\/revisions"}],"wp:featuredmedia":[{"embeddable":true,"href":"https:\/\/www.hoymercedes.com.ar\/principal\/wp-json\/wp\/v2\/media\/99429"}],"wp:attachment":[{"href":"https:\/\/www.hoymercedes.com.ar\/principal\/wp-json\/wp\/v2\/media?parent=99428"}],"wp:term":[{"taxonomy":"category","embeddable":true,"href":"https:\/\/www.hoymercedes.com.ar\/principal\/wp-json\/wp\/v2\/categories?post=99428"},{"taxonomy":"post_tag","embeddable":true,"href":"https:\/\/www.hoymercedes.com.ar\/principal\/wp-json\/wp\/v2\/tags?post=99428"}],"curies":[{"name":"wp","href":"https:\/\/api.w.org\/{rel}","templated":true}]}}