{"id":99508,"date":"2019-09-07T17:07:11","date_gmt":"2019-09-07T20:07:11","guid":{"rendered":"http:\/\/www.hoymercedes.com.ar\/principal\/?p=99508"},"modified":"2019-09-07T15:31:05","modified_gmt":"2019-09-07T18:31:05","slug":"presentaron-investigacion-sobre-el-arbolado-publico-realizado-por-la-unlu","status":"publish","type":"post","link":"https:\/\/www.hoymercedes.com.ar\/principal\/2019\/09\/07\/presentaron-investigacion-sobre-el-arbolado-publico-realizado-por-la-unlu\/","title":{"rendered":"Presentaron investigaci\u00f3n sobre el arbolado p\u00fablico realizado por la UNLu"},"content":{"rendered":"\n<p>Desde el palacio Municipal el intendente Juan Ignacio Ustarroz, junto al Director de Espacios Verdes del Municipio, Leonardo Belforte e integrantes de la Universidad de Luj\u00e1n, realizaron una descripci\u00f3n de los trabajos efectuados en la ciudad, poniendo en relieve la importancia del cuidado y plantaci\u00f3n del arbolado urbano. Asimismo, dieron a conocer la planificaci\u00f3n y estrategias a seguir. <\/p>\n\n\n\n<figure class=\"wp-block-image\"><img loading=\"lazy\" decoding=\"async\" width=\"800\" height=\"533\" data-attachment-id=\"99509\" data-permalink=\"https:\/\/www.hoymercedes.com.ar\/principal\/2019\/09\/07\/presentaron-investigacion-sobre-el-arbolado-publico-realizado-por-la-unlu\/07-muni-arbolado\/#main\" data-orig-file=\"https:\/\/www.hoymercedes.com.ar\/principal\/wp-content\/uploads\/2019\/09\/07-muni-arbolado.jpg\" data-orig-size=\"800,533\" data-comments-opened=\"0\" data-image-meta=\"{&quot;aperture&quot;:&quot;2&quot;,&quot;credit&quot;:&quot;&quot;,&quot;camera&quot;:&quot;Moto G (5S) Plus&quot;,&quot;caption&quot;:&quot;&quot;,&quot;created_timestamp&quot;:&quot;1567678601&quot;,&quot;copyright&quot;:&quot;&quot;,&quot;focal_length&quot;:&quot;3.59&quot;,&quot;iso&quot;:&quot;896&quot;,&quot;shutter_speed&quot;:&quot;0.03030303030303&quot;,&quot;title&quot;:&quot;&quot;,&quot;orientation&quot;:&quot;1&quot;}\" data-image-title=\"07 muni arbolado\" data-image-description=\"\" data-image-caption=\"\" data-large-file=\"https:\/\/www.hoymercedes.com.ar\/principal\/wp-content\/uploads\/2019\/09\/07-muni-arbolado.jpg\" src=\"https:\/\/www.hoymercedes.com.ar\/principal\/wp-content\/uploads\/2019\/09\/07-muni-arbolado.jpg\" alt=\"\" class=\"wp-image-99509\" srcset=\"https:\/\/www.hoymercedes.com.ar\/principal\/wp-content\/uploads\/2019\/09\/07-muni-arbolado.jpg 800w, https:\/\/www.hoymercedes.com.ar\/principal\/wp-content\/uploads\/2019\/09\/07-muni-arbolado-150x100.jpg 150w, https:\/\/www.hoymercedes.com.ar\/principal\/wp-content\/uploads\/2019\/09\/07-muni-arbolado-630x420.jpg 630w, https:\/\/www.hoymercedes.com.ar\/principal\/wp-content\/uploads\/2019\/09\/07-muni-arbolado-720x480.jpg 720w, https:\/\/www.hoymercedes.com.ar\/principal\/wp-content\/uploads\/2019\/09\/07-muni-arbolado-360x240.jpg 360w\" sizes=\"auto, (max-width: 800px) 100vw, 800px\" \/><\/figure>\n\n\n\n<p>A trav\u00e9s de una conferencia de prensa, Ustarroz explic\u00f3 que la investigaci\u00f3n es una \u00abfotograf\u00eda\u00bb del arbolado p\u00fablico en la ciudad. \u00abPresentamos el resultado de estas investigaciones. Con estos resultados realizaremos una hip\u00f3tesis y un trabajo de forestaci\u00f3n de toda la ciudad, del casco, las zonas verdes, los clubes, las plazas, y hacerlo con toda la comunidad, para poner en valor la participaci\u00f3n, la conciencia ambiental y la importancia que tiene una ciudad arbolada\u201d, agreg\u00f3.\u00a0 \u00a0<\/p>\n\n\n\n<p>Emiliano Cuciuffo, secretario de extensiones de la Universidad de Luj\u00e1n, inform\u00f3 \u201cnuestro proyecto tiene la particularidad que el mismo tiene una metodolog\u00eda de investigaci\u00f3n participativa, de manera que construimos conocimiento entre la Universidad y los actores de la comunidad, que en este caso es la direcci\u00f3n de espacios verdes del municipio y otras organizaciones ambientalistas de la ciudad\u201d y destac\u00f3 \u201cel objetivo es en principio generar un censo georeferenciado del arbolado de Mercedes utilizando sistemas de informaci\u00f3n geogr\u00e1ficas y tecnolog\u00edas apropiadas para municipios como este\u201d.<\/p>\n\n\n\n<p>\u201cPor otro lado, esto nos permitir\u00e1 generar diagn\u00f3sticos y mapas utilitarios que nos van a permitir sugerencias, propuestas o planes de acci\u00f3n. Y aportar a la construcci\u00f3n de un modelo de gesti\u00f3n de lo que nosotros entendemos es la infraestructura urbana que tiene que ver con la calidad de vida de la poblaci\u00f3n, arbolado p\u00fablico, parques, es decir todo lo que sea espacios verdes\u201d ahond\u00f3 Cuciuffo.&nbsp;<\/p>\n\n\n\n<p>\u201cHemos avanzado de manera interesante, debemos seguir haci\u00e9ndolo y siempre a disposici\u00f3n de lo que necesite el municipio, ya que nosotros como universidad tenemos claro que no venimos ac\u00e1 a decirles c\u00f3mo tienen que hacer las cosas sino a crear conocimiento en conjunto con ellos\u201d afirm\u00f3 el Secretario de Extensiones. &nbsp;&nbsp;&nbsp;&nbsp;<\/p>\n\n\n\n<p>El Director de Espacios Verdes del Municipio, Leonardo Belforte destac\u00f3 \u201cla importancia de recabar tanta informaci\u00f3n, lo que nos permite planificar y llevar adelante los diferentes programas. Algo que antes no ten\u00edamos y ahora tenemos\u201d y a\u00f1adi\u00f3 \u201ces relevante poder generar equipos de gesti\u00f3n dentro del municipio para lograr atender estas demandas del arbolado en el mediano y largo plazo y poder intercambiar experiencias con la Universidad de Luj\u00e1n que viene trabajando en esto hace tiempo\u201d.&nbsp;&nbsp;<\/p>\n\n\n\n<p>\u201cTodo esto redunda en un beneficio directo para cada uno de los ciudadanos de Mercedes en la mejora de su calidad de vida, pensando en un arbolado que sea seguro, sustentable en el tiempo y que todos podamos disfrutarlo\u201d ampli\u00f3 Belforte.&nbsp;<\/p>\n","protected":false},"excerpt":{"rendered":"<p>Desde el palacio Municipal el intendente Juan Ignacio Ustarroz, junto al Director de Espacios Verdes del Municipio, Leonardo Belforte e &#8230; <a title=\"Presentaron investigaci\u00f3n sobre el arbolado p\u00fablico realizado por la UNLu\" class=\"read-more\" href=\"https:\/\/www.hoymercedes.com.ar\/principal\/2019\/09\/07\/presentaron-investigacion-sobre-el-arbolado-publico-realizado-por-la-unlu\/\" aria-label=\"Leer m\u00e1s sobre Presentaron investigaci\u00f3n sobre el arbolado p\u00fablico realizado por la UNLu\">Leer m\u00e1s<\/a><\/p>\n","protected":false},"author":1,"featured_media":99509,"comment_status":"closed","ping_status":"open","sticky":false,"template":"","format":"standard","meta":{"_monsterinsights_skip_tracking":false,"_monsterinsights_sitenote_active":false,"_monsterinsights_sitenote_note":"","_monsterinsights_sitenote_category":0,"jetpack_post_was_ever_published":false,"_jetpack_newsletter_access":"","_jetpack_dont_email_post_to_subs":false,"_jetpack_newsletter_tier_id":0,"_jetpack_memberships_contains_paywalled_content":false,"_jetpack_memberships_contains_paid_content":false,"footnotes":"","jetpack_publicize_message":"","jetpack_publicize_feature_enabled":true,"jetpack_social_post_already_shared":true,"jetpack_social_options":{"image_generator_settings":{"template":"highway","default_image_id":0,"font":"","enabled":false},"version":2},"_wpas_customize_per_network":false},"categories":[30],"tags":[15738,10486,244,54],"class_list":["post-99508","post","type-post","status-publish","format-standard","has-post-thumbnail","hentry","category-municipio","tag-arbolado-publico","tag-investigacion","tag-municipio-2","tag-unlu","generate-columns","tablet-grid-50","mobile-grid-100","grid-parent","grid-50"],"jetpack_publicize_connections":[],"jetpack_featured_media_url":"https:\/\/www.hoymercedes.com.ar\/principal\/wp-content\/uploads\/2019\/09\/07-muni-arbolado.jpg","wps_subtitle":"","jetpack_sharing_enabled":true,"_links":{"self":[{"href":"https:\/\/www.hoymercedes.com.ar\/principal\/wp-json\/wp\/v2\/posts\/99508","targetHints":{"allow":["GET"]}}],"collection":[{"href":"https:\/\/www.hoymercedes.com.ar\/principal\/wp-json\/wp\/v2\/posts"}],"about":[{"href":"https:\/\/www.hoymercedes.com.ar\/principal\/wp-json\/wp\/v2\/types\/post"}],"author":[{"embeddable":true,"href":"https:\/\/www.hoymercedes.com.ar\/principal\/wp-json\/wp\/v2\/users\/1"}],"replies":[{"embeddable":true,"href":"https:\/\/www.hoymercedes.com.ar\/principal\/wp-json\/wp\/v2\/comments?post=99508"}],"version-history":[{"count":0,"href":"https:\/\/www.hoymercedes.com.ar\/principal\/wp-json\/wp\/v2\/posts\/99508\/revisions"}],"wp:featuredmedia":[{"embeddable":true,"href":"https:\/\/www.hoymercedes.com.ar\/principal\/wp-json\/wp\/v2\/media\/99509"}],"wp:attachment":[{"href":"https:\/\/www.hoymercedes.com.ar\/principal\/wp-json\/wp\/v2\/media?parent=99508"}],"wp:term":[{"taxonomy":"category","embeddable":true,"href":"https:\/\/www.hoymercedes.com.ar\/principal\/wp-json\/wp\/v2\/categories?post=99508"},{"taxonomy":"post_tag","embeddable":true,"href":"https:\/\/www.hoymercedes.com.ar\/principal\/wp-json\/wp\/v2\/tags?post=99508"}],"curies":[{"name":"wp","href":"https:\/\/api.w.org\/{rel}","templated":true}]}}