{"id":99532,"date":"2019-09-09T09:20:07","date_gmt":"2019-09-09T12:20:07","guid":{"rendered":"http:\/\/www.hoymercedes.com.ar\/principal\/?p=99532"},"modified":"2019-09-07T19:05:22","modified_gmt":"2019-09-07T22:05:22","slug":"restituyen-ejemplar-fosil-al-museo-ameghino","status":"publish","type":"post","link":"https:\/\/www.hoymercedes.com.ar\/principal\/2019\/09\/09\/restituyen-ejemplar-fosil-al-museo-ameghino\/","title":{"rendered":"Restituyen ejemplar f\u00f3sil al Museo Ameghino"},"content":{"rendered":"\n<p>Se trata de los restos de un carn\u00edvoro f\u00f3sil, Protocyon SP, que fuera otorgado en pr\u00e9stamo a\u00f1os atr\u00e1s al Museo de La Plata. El mismo posee una gran importancia patrimonial e hist\u00f3rica ya que fue colectado por Jorge Petrocelli en nuestra ciudad.<\/p>\n\n\n\n<figure class=\"wp-block-image\"><img loading=\"lazy\" decoding=\"async\" width=\"774\" height=\"620\" data-attachment-id=\"99533\" data-permalink=\"https:\/\/www.hoymercedes.com.ar\/principal\/2019\/09\/09\/restituyen-ejemplar-fosil-al-museo-ameghino\/09-museo-ameghino\/#main\" data-orig-file=\"https:\/\/www.hoymercedes.com.ar\/principal\/wp-content\/uploads\/2019\/09\/09-museo-ameghino.jpg\" data-orig-size=\"774,620\" data-comments-opened=\"0\" data-image-meta=\"{&quot;aperture&quot;:&quot;0&quot;,&quot;credit&quot;:&quot;&quot;,&quot;camera&quot;:&quot;&quot;,&quot;caption&quot;:&quot;&quot;,&quot;created_timestamp&quot;:&quot;0&quot;,&quot;copyright&quot;:&quot;&quot;,&quot;focal_length&quot;:&quot;0&quot;,&quot;iso&quot;:&quot;0&quot;,&quot;shutter_speed&quot;:&quot;0&quot;,&quot;title&quot;:&quot;&quot;,&quot;orientation&quot;:&quot;0&quot;}\" data-image-title=\"09 museo ameghino\" data-image-description=\"\" data-image-caption=\"&lt;p&gt;El ejemplar carn\u00edvoro f\u00f3sil, Protocyon SP fue restituido al Museo Municipal Carlos Ameghino. &lt;\/p&gt;\n\" data-large-file=\"https:\/\/www.hoymercedes.com.ar\/principal\/wp-content\/uploads\/2019\/09\/09-museo-ameghino.jpg\" src=\"https:\/\/www.hoymercedes.com.ar\/principal\/wp-content\/uploads\/2019\/09\/09-museo-ameghino.jpg\" alt=\"\" class=\"wp-image-99533\" srcset=\"https:\/\/www.hoymercedes.com.ar\/principal\/wp-content\/uploads\/2019\/09\/09-museo-ameghino.jpg 774w, https:\/\/www.hoymercedes.com.ar\/principal\/wp-content\/uploads\/2019\/09\/09-museo-ameghino-150x120.jpg 150w, https:\/\/www.hoymercedes.com.ar\/principal\/wp-content\/uploads\/2019\/09\/09-museo-ameghino-630x505.jpg 630w\" sizes=\"auto, (max-width: 774px) 100vw, 774px\" \/><figcaption>El ejemplar carn\u00edvoro f\u00f3sil, Protocyon SP fue restituido al Museo Municipal Carlos Ameghino. <\/figcaption><\/figure>\n\n\n\n<p>El pasado jueves, el ejemplar carn\u00edvoro f\u00f3sil,\nProtocyon SP, que fuera otorgado en pr\u00e9stamo a\u00f1os atr\u00e1s a colegas del Museo de\nLa Plata, fue restituido al Museo Municipal Carlos Ameghino. <\/p>\n\n\n\n<p>Los restos devueltos constan de una mand\u00edbula\nincompleta, un h\u00famero,&nbsp; tibia,&nbsp; c\u00fabito incompleto, un metacarpial y\nmetatarsales.&nbsp; Este ejemplar es de una\ngran importancia patrimonial para el museo y tiene un valor agregado hist\u00f3rico\nya que fue colectado por el entonces Director del mismo, Jorge Petrocelli en\nnuestra ciudad.<\/p>\n\n\n\n<p>Desde la instituci\u00f3n mercedina manifestaron la \u201cinmensa alegr\u00eda\u201d tras este hecho y manifestaron la gentileza haciendo extensiva a de la directora del Museo de La Plata, Dra. Anal\u00eda Lanteri; del jefe de divisi\u00f3n de Paleontolog\u00eda de Vertebrados, Dr. Eduardo Tonni del Museo de La Plata y del curador de la colecci\u00f3n de Paleontolog\u00eda de Vertebrados, Marcelo Reguero. Tambi\u00e9n agradecieron por su gesti\u00f3n e investigaci\u00f3n al miembro del Comit\u00e9 Asesor del Museo Carlos Ameghino, Lic. Mauro Aranciaga Rolando,\u00a0 al equipo del Museo y a la municipalidad de Mercedes por hacerlo posible.<\/p>\n\n\n\n<p>Colaboraci\u00f3n: Mariano Oyarzu<\/p>\n","protected":false},"excerpt":{"rendered":"<p>Se trata de los restos de un carn\u00edvoro f\u00f3sil, Protocyon SP, que fuera otorgado en pr\u00e9stamo a\u00f1os atr\u00e1s al Museo &#8230; <a title=\"Restituyen ejemplar f\u00f3sil al Museo Ameghino\" class=\"read-more\" href=\"https:\/\/www.hoymercedes.com.ar\/principal\/2019\/09\/09\/restituyen-ejemplar-fosil-al-museo-ameghino\/\" aria-label=\"Leer m\u00e1s sobre Restituyen ejemplar f\u00f3sil al Museo Ameghino\">Leer m\u00e1s<\/a><\/p>\n","protected":false},"author":1,"featured_media":99533,"comment_status":"closed","ping_status":"open","sticky":false,"template":"","format":"standard","meta":{"_monsterinsights_skip_tracking":false,"_monsterinsights_sitenote_active":false,"_monsterinsights_sitenote_note":"","_monsterinsights_sitenote_category":0,"jetpack_post_was_ever_published":false,"_jetpack_newsletter_access":"","_jetpack_dont_email_post_to_subs":false,"_jetpack_newsletter_tier_id":0,"_jetpack_memberships_contains_paywalled_content":false,"_jetpack_memberships_contains_paid_content":false,"footnotes":"","jetpack_publicize_message":"","jetpack_publicize_feature_enabled":true,"jetpack_social_post_already_shared":true,"jetpack_social_options":{"image_generator_settings":{"template":"highway","default_image_id":0,"font":"","enabled":false},"version":2},"_wpas_customize_per_network":false},"categories":[104],"tags":[7805,15739,10707,15740],"class_list":["post-99532","post","type-post","status-publish","format-standard","has-post-thumbnail","hentry","category-cultura","tag-cultura","tag-fosiles","tag-museo-carlos-ameghino","tag-restitucion","generate-columns","tablet-grid-50","mobile-grid-100","grid-parent","grid-50"],"jetpack_publicize_connections":[],"jetpack_featured_media_url":"https:\/\/www.hoymercedes.com.ar\/principal\/wp-content\/uploads\/2019\/09\/09-museo-ameghino.jpg","wps_subtitle":"Un viejo amigo vuelve a casa","jetpack_sharing_enabled":true,"_links":{"self":[{"href":"https:\/\/www.hoymercedes.com.ar\/principal\/wp-json\/wp\/v2\/posts\/99532","targetHints":{"allow":["GET"]}}],"collection":[{"href":"https:\/\/www.hoymercedes.com.ar\/principal\/wp-json\/wp\/v2\/posts"}],"about":[{"href":"https:\/\/www.hoymercedes.com.ar\/principal\/wp-json\/wp\/v2\/types\/post"}],"author":[{"embeddable":true,"href":"https:\/\/www.hoymercedes.com.ar\/principal\/wp-json\/wp\/v2\/users\/1"}],"replies":[{"embeddable":true,"href":"https:\/\/www.hoymercedes.com.ar\/principal\/wp-json\/wp\/v2\/comments?post=99532"}],"version-history":[{"count":0,"href":"https:\/\/www.hoymercedes.com.ar\/principal\/wp-json\/wp\/v2\/posts\/99532\/revisions"}],"wp:featuredmedia":[{"embeddable":true,"href":"https:\/\/www.hoymercedes.com.ar\/principal\/wp-json\/wp\/v2\/media\/99533"}],"wp:attachment":[{"href":"https:\/\/www.hoymercedes.com.ar\/principal\/wp-json\/wp\/v2\/media?parent=99532"}],"wp:term":[{"taxonomy":"category","embeddable":true,"href":"https:\/\/www.hoymercedes.com.ar\/principal\/wp-json\/wp\/v2\/categories?post=99532"},{"taxonomy":"post_tag","embeddable":true,"href":"https:\/\/www.hoymercedes.com.ar\/principal\/wp-json\/wp\/v2\/tags?post=99532"}],"curies":[{"name":"wp","href":"https:\/\/api.w.org\/{rel}","templated":true}]}}