{"id":9961,"date":"2011-12-20T11:02:15","date_gmt":"2011-12-20T11:02:15","guid":{"rendered":"http:\/\/www.hoymercedes.com.ar\/principal\/?p=9961"},"modified":"2011-12-20T11:02:15","modified_gmt":"2011-12-20T11:02:15","slug":"selva-se-refirio-a-la-fiesta-del-durazno-la-recoleccion-basura-y-la-prensa","status":"publish","type":"post","link":"https:\/\/www.hoymercedes.com.ar\/principal\/2011\/12\/20\/selva-se-refirio-a-la-fiesta-del-durazno-la-recoleccion-basura-y-la-prensa\/","title":{"rendered":"Selva se refiri\u00f3 a la Fiesta del Durazno, la recolecci\u00f3n basura y la prensa"},"content":{"rendered":"<p>Se refiri\u00f3 a varios aspectos de la comunidad resaltando los comentarios aparecidos ayer en un Semanario con relaci\u00f3n a la Fiesta del Durazno calificando los mismos como efectuados desde una intencionalidad pol\u00edtica y econ\u00f3mica. Tambi\u00e9n explic\u00f3 el sistema de recolecci\u00f3n de residuos para los dos pr\u00f3ximos fines de semana.<\/p>\n<p>Para referirse a diversos temas relacionados con la actualidad en nuestra ciudad, el intendente Carlos Am\u00e9rico Selva convoc\u00f3 a los representantes de la prensa local para una reuni\u00f3n que se efectu\u00f3 en su despacho en horas de la ma\u00f1ana de ayer.<\/p>\n<p>El jefe comunal comenz\u00f3 expresando \u201clos he convocado para conversar acerca de determinados temas que considero son importantes, algunos para la comunidad en general y otros para nuestro gobierno y la gesti\u00f3n que estamos llevando adelante.<\/p>\n<p>Voy a hablar acerca de la Fiesta del Durazno, de algunos comentarios period\u00edsticos y luego sobre un punto que pasa por lo que se har\u00e1 los dos fines de semana venideros con relaci\u00f3n a la recolecci\u00f3n de los residuos domiciliarios.<\/p>\n<p>Con relaci\u00f3n a la fiesta mi gran agradecimiento a todos los que no ayudaron a hacer posible nuevamente un evento hermoso m\u00e1s all\u00e1 de la evaluaci\u00f3n personal que pueda hacer alg\u00fan medio.<\/p>\n<p>Creo que hemos tenido una fiesta hermosa, personalmente tengo que manifestar que ve\u00eda, es algo que para un dirigente pol\u00edtico es sumamente importante, que la gente estaba muy contenta y que desarrollaban con mucha plenitud las diferentes actividades.<\/p>\n<p>El d\u00eda viernes fue de muy poca convocatoria pero ello no baja el nivel de espect\u00e1culos que la fiesta brind\u00f3 que fue de primer nivel as\u00ed que podemos decir que los tres d\u00edas fueron un \u00e9xito desde la propuesta de organizaci\u00f3n.<\/p>\n<p>Desde la adhesi\u00f3n de la ciudadan\u00eda sabemos que hay dos situaciones, la primera es que esta fecha es realmente muy complicada, el haber corrido los d\u00edas debido al fin de semana largo que tuvimos nos obligo a trabajar mucho en hacer estos cambios porque no es sencillo con artistas del nivel que hemos tra\u00eddo poder acordar nuevas fechas pero el prestigio que tiene la Municipalidad de Mercedes en la organizaci\u00f3n de estos eventos nos permiti\u00f3 el cambio y hacer posible la deferencia que han tenido artistas internacionales por nuestro escenario aun habiendo suspendido todos los shows y como en el caso de Los Nocheros recomenzar los mismos a partir de Mercedes hacia adelante, entonces si hacemos un an\u00e1lisis pragm\u00e1tico de lo que fue la fiesta fue espectacular, pero hoy le\u00ed algunos comentarios, del Cronista particularmente donde pareciera que deber\u00edamos andar persign\u00e1ndonos por haber hecho la fiesta y creo que es lamentable que se enfoque y se siga cargando sobre un comportamiento pol\u00edtico que no pueden desdibujar a trav\u00e9s de los comentarios, hubo la otra semana un editorial que hab\u00edamos dejado pasar defendiendo un inter\u00e9s personal econ\u00f3mico diciendo que todas las declaraciones de los candidatos durante la campa\u00f1a son iguales y yo creo que declaraciones efectuadas por candidatos acompa\u00f1ados por Ministros u otras funcionarios no es lo mismo.<\/p>\n<p>Claramente es un posicionamiento pol\u00edtico que tiene que ver con intereses econ\u00f3micos y hoy vuelve a realizar un nuevo comentario referido a las tasas marcando ya una diferencia instando a que porque se aumentaron las tasas no hay que pagar y habla de impuestos, primer error garrafal y es por eso digo que hay una intencionalidad pol\u00edtica de Javier Guevara en marcar que lo que la Municipalidad cobra son impuestos y la Municipalidad no cobra impuestos. Cobra Tasas por la prestaci\u00f3n de servicios por lo tanto no es un impuesto, nosotros estamos dando el agua y nosotros cobramos una tasa.<\/p>\n<p>Entonces digo que cuando cada vez por intereses pol\u00edticos y econ\u00f3micos de un Semanario en este caso se hace esto, cuando hablamos de la libertad de prensa tener que tener cuidado sobre como enfocamos las coas.<\/p>\n<p>Con respecto a la fiesta, creo que fue la gota que en mi rebals\u00f3 el vaso, el titulo fue no se cumpli\u00f3 las expectativas de la convocatoria y eso es jugar en contra de los intereses de los mercedinos, Javier Guevara lo digo claramente, tiene un posicionamiento que hace que todos los hechos positivos que vienen desde la gesti\u00f3n de gobierno sean atacados pero creo que es la ciudadan\u00eda la que va a tener que elegir libremente quien es el que miente\u201d<\/p>\n<p>Posteriormente Selva reconoci\u00f3 que se est\u00e1 conversando con los productores en modificar la fecha de realizaci\u00f3n del evento, es decir dejar de efectuar el mismo al comenzar la temporada de duraznos para hacerlo al finalizar la misma a mitad de febrero pero sostuvo que solo son conversaciones aun si definir.<\/p>\n<p><strong>El cronograma de recolecci\u00f3n de residuos<\/strong><\/p>\n<p>Posteriormente el Intendente dio a conocer el acuerdo logrado con el personal municipal encargado de la recolecci\u00f3n de los residuos domiciliarios a lo largo de los dos pr\u00f3ximos fines de semana.<\/p>\n<p>El mandatario sostuvo \u201custedes saben que este a\u00f1o 25 y 1\u00b0 nos cae domingo que el d\u00eda en que normalmente la municipalidad refuerza el sistema de recolecci\u00f3n, la particularidad es que el 26 y el 2 es feriado nacional.<\/p>\n<p>Por tal motivo se habl\u00f3 con los trabajadores para ver de que forma tener la certeza, hasta por cuestiones de seguridad, le decimos a la poblaci\u00f3n que el sistema de recolecci\u00f3n del domingo se pasar\u00e1 al lunes por la noche por lo tanto para dejarlo claro el domingo no habr\u00e1 recolecci\u00f3n.<\/p>\n<p>Entonces durante esta semana todo ser\u00e1 normal hasta el jueves a la noche y en lugar de retomarse el domingo se lo har\u00e1 el lunes a la noche.<\/p>\n<p>De igual manera se ha previsto para los d\u00edas 31 y 1\u00b0, vamos a realizarla el lunes 2 por la noche y es por eso que le pedimos a los vecinos que hagan el sacrificio de contener sus residuos dentro de sus domicilios, a esto lo vamos a seguir informando a lo largo de esta semana a trav\u00e9s de los diferentes medios para que toda la poblaci\u00f3n tome el debido conocimiento\u201d.<\/p>\n","protected":false},"excerpt":{"rendered":"<p>Se refiri\u00f3 a varios aspectos de la comunidad resaltando los comentarios aparecidos ayer en un Semanario con relaci\u00f3n a la &#8230; <a title=\"Selva se refiri\u00f3 a la Fiesta del Durazno, la recolecci\u00f3n basura y la prensa\" class=\"read-more\" href=\"https:\/\/www.hoymercedes.com.ar\/principal\/2011\/12\/20\/selva-se-refirio-a-la-fiesta-del-durazno-la-recoleccion-basura-y-la-prensa\/\" aria-label=\"Leer m\u00e1s sobre Selva se refiri\u00f3 a la Fiesta del Durazno, la recolecci\u00f3n basura y la prensa\">Leer m\u00e1s<\/a><\/p>\n","protected":false},"author":1,"featured_media":0,"comment_status":"open","ping_status":"open","sticky":false,"template":"","format":"standard","meta":{"_monsterinsights_skip_tracking":false,"_monsterinsights_sitenote_active":false,"_monsterinsights_sitenote_note":"","_monsterinsights_sitenote_category":0,"jetpack_post_was_ever_published":false,"_jetpack_newsletter_access":"","_jetpack_dont_email_post_to_subs":false,"_jetpack_newsletter_tier_id":0,"_jetpack_memberships_contains_paywalled_content":false,"_jetpack_memberships_contains_paid_content":false,"footnotes":"","jetpack_publicize_message":"","jetpack_publicize_feature_enabled":true,"jetpack_social_post_already_shared":false,"jetpack_social_options":{"image_generator_settings":{"template":"highway","default_image_id":0,"font":"","enabled":false},"version":2},"_wpas_customize_per_network":false},"categories":[5],"tags":[208,1733,18],"class_list":["post-9961","post","type-post","status-publish","format-standard","hentry","category-politica","tag-fiesta-del-durazno","tag-javier-guevara","tag-selva","generate-columns","tablet-grid-50","mobile-grid-100","grid-parent","grid-50"],"jetpack_publicize_connections":[],"jetpack_featured_media_url":"","wps_subtitle":"","jetpack_sharing_enabled":true,"_links":{"self":[{"href":"https:\/\/www.hoymercedes.com.ar\/principal\/wp-json\/wp\/v2\/posts\/9961","targetHints":{"allow":["GET"]}}],"collection":[{"href":"https:\/\/www.hoymercedes.com.ar\/principal\/wp-json\/wp\/v2\/posts"}],"about":[{"href":"https:\/\/www.hoymercedes.com.ar\/principal\/wp-json\/wp\/v2\/types\/post"}],"author":[{"embeddable":true,"href":"https:\/\/www.hoymercedes.com.ar\/principal\/wp-json\/wp\/v2\/users\/1"}],"replies":[{"embeddable":true,"href":"https:\/\/www.hoymercedes.com.ar\/principal\/wp-json\/wp\/v2\/comments?post=9961"}],"version-history":[{"count":0,"href":"https:\/\/www.hoymercedes.com.ar\/principal\/wp-json\/wp\/v2\/posts\/9961\/revisions"}],"wp:attachment":[{"href":"https:\/\/www.hoymercedes.com.ar\/principal\/wp-json\/wp\/v2\/media?parent=9961"}],"wp:term":[{"taxonomy":"category","embeddable":true,"href":"https:\/\/www.hoymercedes.com.ar\/principal\/wp-json\/wp\/v2\/categories?post=9961"},{"taxonomy":"post_tag","embeddable":true,"href":"https:\/\/www.hoymercedes.com.ar\/principal\/wp-json\/wp\/v2\/tags?post=9961"}],"curies":[{"name":"wp","href":"https:\/\/api.w.org\/{rel}","templated":true}]}}