{"id":99630,"date":"2019-09-09T22:34:36","date_gmt":"2019-09-10T01:34:36","guid":{"rendered":"http:\/\/www.hoymercedes.com.ar\/principal\/?p=99630"},"modified":"2019-09-09T22:34:39","modified_gmt":"2019-09-10T01:34:39","slug":"en-reserva-colon-y-los-carteros-se-sumaron-a-los-clasificados-a-la-liguilla","status":"publish","type":"post","link":"https:\/\/www.hoymercedes.com.ar\/principal\/2019\/09\/09\/en-reserva-colon-y-los-carteros-se-sumaron-a-los-clasificados-a-la-liguilla\/","title":{"rendered":"En Reserva, Col\u00f3n y Los Carteros se sumaron a los clasificados a la Liguilla"},"content":{"rendered":"\n<p>Cuando quedan cuatro fechas m\u00e1s varios partidos pendientes, el torneo de Reserva de la Liga Mercedina sum\u00f3 dos nuevos clasificados a la Liguilla y, al igual que el de Primera, otras confirmaciones respecto a las posiciones.<\/p>\n\n\n\n<p>La Zona A ya tiene confirmado a los clasificados, sin embargo, todav\u00eda no est\u00e1n confirmadas las posiciones. M\u00e1s all\u00e1 de eso, Pabell\u00f3n de Marcos Paz, con un triunfo sabr\u00e1 que s\u00f3lo pelear\u00e1 el 1 &#8211; 2 con Holanda, mientras que si el naranja suma seis, dejar\u00e1 a Estudiantes y La Diego Armando condenados a jugar la primera etapa de la Liguilla.<\/p>\n\n\n\n<p>En la Zona B, Col\u00f3n de Luj\u00e1n es el tercer clasificado. Mercedes con un punto sabr\u00e1 que pelear\u00e1 por los primeros dos puestos y Ateneo, con cuatro unidades, se asegurar\u00e1 el segundo escal\u00f3n. Trocha qued\u00f3 a un punto de la clasificaci\u00f3n y Marcos Paz depende de un milagro para no quedar afuera. Luego, la pelea entre Lujarenos y Carbonilleros ser\u00e1 hasta el final por el tercer puesto, sabiendo Trocha que ya no llega al primer lugar.<\/p>\n\n\n\n<p>En la Zona C, con un triunfo El Front\u00f3n ser\u00e1 el primero del grupo. Quilmes y Los Carteros pugnar\u00e1n el segundo lugar, mientras que Defensores qued\u00f3 casi sin chances de tercer puesto, ya que un triunfo del aurinegro lo marginar\u00e1 al cuarto escal\u00f3n, que lo pelea con Talleres, a quien tiene a cinco puntos de distancia y encima el cola de tabla tiene un partido m\u00e1s por delante.<\/p>\n\n\n\n<p>El grupo D sigue sin tener equipos eliminados. El Tim\u00f3n gan\u00f3 y se meti\u00f3 en plena pelea por el cuarto lugar, ya que entre Palometas, Costa Brava y los de J\u00e1uregui hay tres puntos de distancia. El Granate qued\u00f3 resignado a la pelea por el tercer lugar, ya que no podr\u00e1 alcanzar a Juventud, aunque AMEFIP con cinco puntos ser\u00e1 el que complete el podio. V\u00e9lez y Juventud siguen ganando, la ventaja es de cinco unidades, con lo que los del barrio El Molino, de sumar 7 puntos, se asegurar\u00e1n el primer puesto, a menos que los de Suipacha resignen unidades en el camino pr\u00f3ximo.<\/p>\n\n\n\n<table class=\"wp-block-table\"><tbody><tr><td>Fecha 23<\/td><\/tr><tr><td>Club Mercedes 0.<\/td><\/tr><tr><td>Quilmes 0.<\/td><\/tr><tr><td>&nbsp;<\/td><\/tr><tr><td>AMEFIP San Mart\u00edn\n  1:&nbsp;Germ\u00e1n.<\/td><\/tr><tr><td>Pabell\u00f3n Argentino\n  1:&nbsp;Bacigalupo<\/td><\/tr><tr><td>&nbsp;<\/td><\/tr><tr><td>Ateneo 2:&nbsp;Leonardo\n  Chaparro 2.<\/td><\/tr><tr><td>Los Carteros 3:&nbsp;Diego\n  S\u00e1nchez, Nicol\u00e1s Montenegro y Ger\u00f3nimo Navarro.<\/td><\/tr><tr><td>&nbsp;<\/td><\/tr><tr><td>Trocha 3:&nbsp;Mat\u00edas\n  Fern\u00e1ndez, Agust\u00edn Uviz y Diego Castro.<\/td><\/tr><tr><td>Talleres Payr\u00f3 1:&nbsp;Lucas\n  Fern\u00e1ndez.<\/td><\/tr><tr><td>&nbsp;<\/td><\/tr><tr><td>Estudiantes 0.<\/td><\/tr><tr><td>Costa Brava 0.<\/td><\/tr><tr><td>&nbsp;<\/td><\/tr><tr><td>V\u00e9lez 3:&nbsp;Jonathan\n  Solivella 2 y Nicol\u00e1s Bartolomeo.<\/td><\/tr><tr><td>Holanda 3:&nbsp;Franco Irusta\n  2 y Braian Ojeda.<\/td><\/tr><tr><td>&nbsp;<\/td><\/tr><tr><td>La Diego Armando 0.<\/td><\/tr><tr><td>El Tim\u00f3n 1:&nbsp;Valent\u00edn\n  Estevena.<\/td><\/tr><tr><td>&nbsp;<\/td><\/tr><tr><td>Atl\u00e9tico Marcos Paz\n  1:&nbsp;Isa\u00edas Gallego.<\/td><\/tr><tr><td>El Front\u00f3n 5:&nbsp;Ignacio\n  Leiva, Santiago Crosetti y Sergio G\u00f3mez 3.<\/td><\/tr><tr><td>&nbsp;<\/td><\/tr><tr><td>Col\u00f3n 2:&nbsp;Alan Moyano y\n  Ricardo Mart\u00ednez.<\/td><\/tr><tr><td>Defensores Juniors 0.<\/td><\/tr><tr><td>&nbsp;<\/td><\/tr><tr><td>Juventud 5:&nbsp;Emanuel\n  Garc\u00eda, Hern\u00e1n Carreto, Santiago Su\u00e1rez, Germ\u00e1n Hern\u00e1ndez y Alejo P\u00e9rez\n  Zunino.<\/td><\/tr><tr><td>Uni\u00f3n 1:&nbsp;Santiago\n  Furriol.<\/td><\/tr><\/tbody><\/table>\n\n\n\n<figure class=\"wp-block-image\"><img loading=\"lazy\" decoding=\"async\" width=\"658\" height=\"707\" data-attachment-id=\"99631\" data-permalink=\"https:\/\/www.hoymercedes.com.ar\/principal\/2019\/09\/09\/en-reserva-colon-y-los-carteros-se-sumaron-a-los-clasificados-a-la-liguilla\/reserva-liga-pos-1-3\/#main\" data-orig-file=\"https:\/\/www.hoymercedes.com.ar\/principal\/wp-content\/uploads\/2019\/09\/RESERVA-LIGA-POS-1.png\" data-orig-size=\"658,707\" data-comments-opened=\"0\" data-image-meta=\"{&quot;aperture&quot;:&quot;0&quot;,&quot;credit&quot;:&quot;&quot;,&quot;camera&quot;:&quot;&quot;,&quot;caption&quot;:&quot;&quot;,&quot;created_timestamp&quot;:&quot;0&quot;,&quot;copyright&quot;:&quot;&quot;,&quot;focal_length&quot;:&quot;0&quot;,&quot;iso&quot;:&quot;0&quot;,&quot;shutter_speed&quot;:&quot;0&quot;,&quot;title&quot;:&quot;&quot;,&quot;orientation&quot;:&quot;0&quot;}\" data-image-title=\"RESERVA-LIGA-POS-1\" data-image-description=\"\" data-image-caption=\"\" data-large-file=\"https:\/\/www.hoymercedes.com.ar\/principal\/wp-content\/uploads\/2019\/09\/RESERVA-LIGA-POS-1.png\" src=\"https:\/\/www.hoymercedes.com.ar\/principal\/wp-content\/uploads\/2019\/09\/RESERVA-LIGA-POS-1.png\" alt=\"\" class=\"wp-image-99631\" srcset=\"https:\/\/www.hoymercedes.com.ar\/principal\/wp-content\/uploads\/2019\/09\/RESERVA-LIGA-POS-1.png 658w, https:\/\/www.hoymercedes.com.ar\/principal\/wp-content\/uploads\/2019\/09\/RESERVA-LIGA-POS-1-140x150.png 140w, https:\/\/www.hoymercedes.com.ar\/principal\/wp-content\/uploads\/2019\/09\/RESERVA-LIGA-POS-1-577x620.png 577w\" sizes=\"auto, (max-width: 658px) 100vw, 658px\" \/><\/figure>\n\n\n\n<div class=\"wp-block-image\"><figure class=\"aligncenter\"><img loading=\"lazy\" decoding=\"async\" width=\"334\" height=\"877\" data-attachment-id=\"99632\" data-permalink=\"https:\/\/www.hoymercedes.com.ar\/principal\/2019\/09\/09\/en-reserva-colon-y-los-carteros-se-sumaron-a-los-clasificados-a-la-liguilla\/goles-liga-res-11\/#main\" data-orig-file=\"https:\/\/www.hoymercedes.com.ar\/principal\/wp-content\/uploads\/2019\/09\/GOLES-LIGA-RES.png\" data-orig-size=\"334,877\" data-comments-opened=\"0\" data-image-meta=\"{&quot;aperture&quot;:&quot;0&quot;,&quot;credit&quot;:&quot;&quot;,&quot;camera&quot;:&quot;&quot;,&quot;caption&quot;:&quot;&quot;,&quot;created_timestamp&quot;:&quot;0&quot;,&quot;copyright&quot;:&quot;&quot;,&quot;focal_length&quot;:&quot;0&quot;,&quot;iso&quot;:&quot;0&quot;,&quot;shutter_speed&quot;:&quot;0&quot;,&quot;title&quot;:&quot;&quot;,&quot;orientation&quot;:&quot;0&quot;}\" data-image-title=\"GOLES-LIGA-RES\" data-image-description=\"\" data-image-caption=\"\" data-large-file=\"https:\/\/www.hoymercedes.com.ar\/principal\/wp-content\/uploads\/2019\/09\/GOLES-LIGA-RES.png\" src=\"https:\/\/www.hoymercedes.com.ar\/principal\/wp-content\/uploads\/2019\/09\/GOLES-LIGA-RES.png\" alt=\"\" class=\"wp-image-99632\" srcset=\"https:\/\/www.hoymercedes.com.ar\/principal\/wp-content\/uploads\/2019\/09\/GOLES-LIGA-RES.png 334w, https:\/\/www.hoymercedes.com.ar\/principal\/wp-content\/uploads\/2019\/09\/GOLES-LIGA-RES-57x150.png 57w, https:\/\/www.hoymercedes.com.ar\/principal\/wp-content\/uploads\/2019\/09\/GOLES-LIGA-RES-236x620.png 236w\" sizes=\"auto, (max-width: 334px) 100vw, 334px\" \/><\/figure><\/div>\n","protected":false},"excerpt":{"rendered":"<p>Cuando quedan cuatro fechas m\u00e1s varios partidos pendientes, el torneo de Reserva de la Liga Mercedina sum\u00f3 dos nuevos clasificados &#8230; <a title=\"En Reserva, Col\u00f3n y Los Carteros se sumaron a los clasificados a la Liguilla\" class=\"read-more\" href=\"https:\/\/www.hoymercedes.com.ar\/principal\/2019\/09\/09\/en-reserva-colon-y-los-carteros-se-sumaron-a-los-clasificados-a-la-liguilla\/\" aria-label=\"Leer m\u00e1s sobre En Reserva, Col\u00f3n y Los Carteros se sumaron a los clasificados a la Liguilla\">Leer m\u00e1s<\/a><\/p>\n","protected":false},"author":1,"featured_media":99631,"comment_status":"closed","ping_status":"open","sticky":false,"template":"","format":"standard","meta":{"_monsterinsights_skip_tracking":false,"_monsterinsights_sitenote_active":false,"_monsterinsights_sitenote_note":"","_monsterinsights_sitenote_category":0,"jetpack_post_was_ever_published":false,"_jetpack_newsletter_access":"","_jetpack_dont_email_post_to_subs":false,"_jetpack_newsletter_tier_id":0,"_jetpack_memberships_contains_paywalled_content":false,"_jetpack_memberships_contains_paid_content":false,"footnotes":"","jetpack_publicize_message":"","jetpack_publicize_feature_enabled":true,"jetpack_social_post_already_shared":true,"jetpack_social_options":{"image_generator_settings":{"template":"highway","default_image_id":0,"font":"","enabled":false},"version":2},"_wpas_customize_per_network":false},"categories":[21],"tags":[1901,8775],"class_list":["post-99630","post","type-post","status-publish","format-standard","has-post-thumbnail","hentry","category-deportes","tag-liga-mercedina","tag-reserva","generate-columns","tablet-grid-50","mobile-grid-100","grid-parent","grid-50"],"jetpack_publicize_connections":[],"jetpack_featured_media_url":"https:\/\/www.hoymercedes.com.ar\/principal\/wp-content\/uploads\/2019\/09\/RESERVA-LIGA-POS-1.png","wps_subtitle":"Liga Mercedina","jetpack_sharing_enabled":true,"_links":{"self":[{"href":"https:\/\/www.hoymercedes.com.ar\/principal\/wp-json\/wp\/v2\/posts\/99630","targetHints":{"allow":["GET"]}}],"collection":[{"href":"https:\/\/www.hoymercedes.com.ar\/principal\/wp-json\/wp\/v2\/posts"}],"about":[{"href":"https:\/\/www.hoymercedes.com.ar\/principal\/wp-json\/wp\/v2\/types\/post"}],"author":[{"embeddable":true,"href":"https:\/\/www.hoymercedes.com.ar\/principal\/wp-json\/wp\/v2\/users\/1"}],"replies":[{"embeddable":true,"href":"https:\/\/www.hoymercedes.com.ar\/principal\/wp-json\/wp\/v2\/comments?post=99630"}],"version-history":[{"count":0,"href":"https:\/\/www.hoymercedes.com.ar\/principal\/wp-json\/wp\/v2\/posts\/99630\/revisions"}],"wp:featuredmedia":[{"embeddable":true,"href":"https:\/\/www.hoymercedes.com.ar\/principal\/wp-json\/wp\/v2\/media\/99631"}],"wp:attachment":[{"href":"https:\/\/www.hoymercedes.com.ar\/principal\/wp-json\/wp\/v2\/media?parent=99630"}],"wp:term":[{"taxonomy":"category","embeddable":true,"href":"https:\/\/www.hoymercedes.com.ar\/principal\/wp-json\/wp\/v2\/categories?post=99630"},{"taxonomy":"post_tag","embeddable":true,"href":"https:\/\/www.hoymercedes.com.ar\/principal\/wp-json\/wp\/v2\/tags?post=99630"}],"curies":[{"name":"wp","href":"https:\/\/api.w.org\/{rel}","templated":true}]}}