{"id":99636,"date":"2019-09-10T09:30:23","date_gmt":"2019-09-10T12:30:23","guid":{"rendered":"http:\/\/www.hoymercedes.com.ar\/principal\/?p=99636"},"modified":"2019-09-10T09:41:47","modified_gmt":"2019-09-10T12:41:47","slug":"selva-se-reunio-con-estudiantes-de-ciencias-politicas-y-relaciones-internacionales","status":"publish","type":"post","link":"https:\/\/www.hoymercedes.com.ar\/principal\/2019\/09\/10\/selva-se-reunio-con-estudiantes-de-ciencias-politicas-y-relaciones-internacionales\/","title":{"rendered":"Selva se reuni\u00f3 con estudiantes de Ciencias Pol\u00edticas y Relaciones Internacionales"},"content":{"rendered":"\n<p>En la Honorable C\u00e1mara de Diputados de la Naci\u00f3n Argentina, este lunes el legislador nacional Carlos Selva fue parte del recibimiento a estudiantes de la UCA, con los que compartieron un importante encuentro.<\/p>\n\n\n\n<figure class=\"wp-block-image\"><img loading=\"lazy\" decoding=\"async\" width=\"960\" height=\"504\" data-attachment-id=\"99637\" data-permalink=\"https:\/\/www.hoymercedes.com.ar\/principal\/2019\/09\/10\/selva-se-reunio-con-estudiantes-de-ciencias-politicas-y-relaciones-internacionales\/10-selva02\/#main\" data-orig-file=\"https:\/\/www.hoymercedes.com.ar\/principal\/wp-content\/uploads\/2019\/09\/10-selva02.jpg\" data-orig-size=\"960,504\" data-comments-opened=\"0\" data-image-meta=\"{&quot;aperture&quot;:&quot;0&quot;,&quot;credit&quot;:&quot;&quot;,&quot;camera&quot;:&quot;&quot;,&quot;caption&quot;:&quot;&quot;,&quot;created_timestamp&quot;:&quot;0&quot;,&quot;copyright&quot;:&quot;&quot;,&quot;focal_length&quot;:&quot;0&quot;,&quot;iso&quot;:&quot;0&quot;,&quot;shutter_speed&quot;:&quot;0&quot;,&quot;title&quot;:&quot;&quot;,&quot;orientation&quot;:&quot;0&quot;}\" data-image-title=\"10 selva02\" data-image-description=\"\" data-image-caption=\"\" data-large-file=\"https:\/\/www.hoymercedes.com.ar\/principal\/wp-content\/uploads\/2019\/09\/10-selva02.jpg\" src=\"https:\/\/www.hoymercedes.com.ar\/principal\/wp-content\/uploads\/2019\/09\/10-selva02.jpg\" alt=\"\" class=\"wp-image-99637\" srcset=\"https:\/\/www.hoymercedes.com.ar\/principal\/wp-content\/uploads\/2019\/09\/10-selva02.jpg 960w, https:\/\/www.hoymercedes.com.ar\/principal\/wp-content\/uploads\/2019\/09\/10-selva02-150x79.jpg 150w, https:\/\/www.hoymercedes.com.ar\/principal\/wp-content\/uploads\/2019\/09\/10-selva02-630x331.jpg 630w\" sizes=\"auto, (max-width: 960px) 100vw, 960px\" \/><\/figure>\n\n\n\n<p>A los estudiantes los recibieron Marco Lavagna, Marcela Passo y Carlos Selva, con quienes pudieron charlar acerca de la situaci\u00f3n del pa\u00eds, del trabajo dentro del Congreso, su funcionamiento y su din\u00e1mica, y adem\u00e1s tuvieron la oportunidad de hacerles preguntas. Tambi\u00e9n contaron con una visita guiada por la C\u00e1mara de Senadores y de Diputados del Congreso de la Naci\u00f3n como parte de la actividad.<\/p>\n\n\n\n<p>En este contexto, Selva destac\u00f3 el encuentro con estudiantes de Ciencias Pol\u00edticas y Relaciones Internacionales de la UCA.<\/p>\n\n\n\n<p>\u201cGracias al Centro de Estudiantes de Ciencias Pol\u00edticas y Relaciones Internacionales de la UCA, por permitir este tipo de intercambios con los j\u00f3venes que nos motivan y enriquecen en nuestro rol de legisladores\u201d, dijo Selva.<\/p>\n\n\n\n<p>El Centro funciona bajo la presidencia de Santiago Malm Green y Sol Maciel Bryndum.<\/p>\n\n\n\n<p>Fuente: Carlos Selva Web<\/p>\n\n\n\n<figure class=\"wp-block-image\"><img loading=\"lazy\" decoding=\"async\" width=\"960\" height=\"504\" data-attachment-id=\"99638\" data-permalink=\"https:\/\/www.hoymercedes.com.ar\/principal\/2019\/09\/10\/selva-se-reunio-con-estudiantes-de-ciencias-politicas-y-relaciones-internacionales\/10-selva03\/#main\" data-orig-file=\"https:\/\/www.hoymercedes.com.ar\/principal\/wp-content\/uploads\/2019\/09\/10-selva03.jpg\" data-orig-size=\"960,504\" data-comments-opened=\"0\" data-image-meta=\"{&quot;aperture&quot;:&quot;0&quot;,&quot;credit&quot;:&quot;&quot;,&quot;camera&quot;:&quot;&quot;,&quot;caption&quot;:&quot;&quot;,&quot;created_timestamp&quot;:&quot;0&quot;,&quot;copyright&quot;:&quot;&quot;,&quot;focal_length&quot;:&quot;0&quot;,&quot;iso&quot;:&quot;0&quot;,&quot;shutter_speed&quot;:&quot;0&quot;,&quot;title&quot;:&quot;&quot;,&quot;orientation&quot;:&quot;0&quot;}\" data-image-title=\"10 selva03\" data-image-description=\"\" data-image-caption=\"\" data-large-file=\"https:\/\/www.hoymercedes.com.ar\/principal\/wp-content\/uploads\/2019\/09\/10-selva03.jpg\" src=\"https:\/\/www.hoymercedes.com.ar\/principal\/wp-content\/uploads\/2019\/09\/10-selva03.jpg\" alt=\"\" class=\"wp-image-99638\" srcset=\"https:\/\/www.hoymercedes.com.ar\/principal\/wp-content\/uploads\/2019\/09\/10-selva03.jpg 960w, https:\/\/www.hoymercedes.com.ar\/principal\/wp-content\/uploads\/2019\/09\/10-selva03-150x79.jpg 150w, https:\/\/www.hoymercedes.com.ar\/principal\/wp-content\/uploads\/2019\/09\/10-selva03-630x331.jpg 630w\" sizes=\"auto, (max-width: 960px) 100vw, 960px\" \/><\/figure>\n","protected":false},"excerpt":{"rendered":"<p>En la Honorable C\u00e1mara de Diputados de la Naci\u00f3n Argentina, este lunes el legislador nacional Carlos Selva fue parte del &#8230; <a title=\"Selva se reuni\u00f3 con estudiantes de Ciencias Pol\u00edticas y Relaciones Internacionales\" class=\"read-more\" href=\"https:\/\/www.hoymercedes.com.ar\/principal\/2019\/09\/10\/selva-se-reunio-con-estudiantes-de-ciencias-politicas-y-relaciones-internacionales\/\" aria-label=\"Leer m\u00e1s sobre Selva se reuni\u00f3 con estudiantes de Ciencias Pol\u00edticas y Relaciones Internacionales\">Leer m\u00e1s<\/a><\/p>\n","protected":false},"author":1,"featured_media":99638,"comment_status":"closed","ping_status":"open","sticky":false,"template":"","format":"standard","meta":{"_monsterinsights_skip_tracking":false,"_monsterinsights_sitenote_active":false,"_monsterinsights_sitenote_note":"","_monsterinsights_sitenote_category":0,"jetpack_post_was_ever_published":false,"_jetpack_newsletter_access":"","_jetpack_dont_email_post_to_subs":false,"_jetpack_newsletter_tier_id":0,"_jetpack_memberships_contains_paywalled_content":false,"_jetpack_memberships_contains_paid_content":false,"footnotes":"","jetpack_publicize_message":"","jetpack_publicize_feature_enabled":true,"jetpack_social_post_already_shared":true,"jetpack_social_options":{"image_generator_settings":{"template":"highway","default_image_id":0,"font":"","enabled":false},"version":2},"_wpas_customize_per_network":false},"categories":[5210],"tags":[39,7500,5319],"class_list":["post-99636","post","type-post","status-publish","format-standard","has-post-thumbnail","hentry","category-politica-nacional","tag-carlos-selva","tag-diputado-nacional","tag-politica-2","generate-columns","tablet-grid-50","mobile-grid-100","grid-parent","grid-50"],"jetpack_publicize_connections":[],"jetpack_featured_media_url":"https:\/\/www.hoymercedes.com.ar\/principal\/wp-content\/uploads\/2019\/09\/10-selva03.jpg","wps_subtitle":"Tarea legislativa nacional","jetpack_sharing_enabled":true,"_links":{"self":[{"href":"https:\/\/www.hoymercedes.com.ar\/principal\/wp-json\/wp\/v2\/posts\/99636","targetHints":{"allow":["GET"]}}],"collection":[{"href":"https:\/\/www.hoymercedes.com.ar\/principal\/wp-json\/wp\/v2\/posts"}],"about":[{"href":"https:\/\/www.hoymercedes.com.ar\/principal\/wp-json\/wp\/v2\/types\/post"}],"author":[{"embeddable":true,"href":"https:\/\/www.hoymercedes.com.ar\/principal\/wp-json\/wp\/v2\/users\/1"}],"replies":[{"embeddable":true,"href":"https:\/\/www.hoymercedes.com.ar\/principal\/wp-json\/wp\/v2\/comments?post=99636"}],"version-history":[{"count":0,"href":"https:\/\/www.hoymercedes.com.ar\/principal\/wp-json\/wp\/v2\/posts\/99636\/revisions"}],"wp:featuredmedia":[{"embeddable":true,"href":"https:\/\/www.hoymercedes.com.ar\/principal\/wp-json\/wp\/v2\/media\/99638"}],"wp:attachment":[{"href":"https:\/\/www.hoymercedes.com.ar\/principal\/wp-json\/wp\/v2\/media?parent=99636"}],"wp:term":[{"taxonomy":"category","embeddable":true,"href":"https:\/\/www.hoymercedes.com.ar\/principal\/wp-json\/wp\/v2\/categories?post=99636"},{"taxonomy":"post_tag","embeddable":true,"href":"https:\/\/www.hoymercedes.com.ar\/principal\/wp-json\/wp\/v2\/tags?post=99636"}],"curies":[{"name":"wp","href":"https:\/\/api.w.org\/{rel}","templated":true}]}}