{"id":997,"date":"2010-12-09T22:40:08","date_gmt":"2010-12-09T22:40:08","guid":{"rendered":"http:\/\/www.hoymercedes.com.ar\/principal\/?p=997"},"modified":"2010-12-09T22:40:08","modified_gmt":"2010-12-09T22:40:08","slug":"casal-dispuso-la-diferencia-de-genero-en-el-grado-de-la-policia","status":"publish","type":"post","link":"https:\/\/www.hoymercedes.com.ar\/principal\/2010\/12\/09\/casal-dispuso-la-diferencia-de-genero-en-el-grado-de-la-policia\/","title":{"rendered":"Casal dispuso la diferencia de g\u00e9nero en el grado de la polic\u00eda"},"content":{"rendered":"<p style=\"text-align: justify;\">El Ministro de Seguridad y Justicia firm\u00f3 una resoluci\u00f3n que obliga a utilizar las formas de g\u00e9nero para referirse al personal femenino de la Bonaerense. Desde ahora, deber\u00e1 decirse Sargenta, Comisaria e Inspectora cuando corresponda.<\/p>\n<p style=\"text-align: justify;\"><em> <\/em><\/p>\n<p style=\"text-align: justify;\">Atento al desarrollo de las pol\u00edticas de g\u00e9nero en el pa\u00eds y la provincia, el Ministerio de Seguridad y Justicia encabezado por Ricardo Casal dispuso por resoluci\u00f3n la obligatoriedad del uso femenino en los grados de la Polic\u00eda bonaerense cuando deban referirse a las mujeres.<\/p>\n<p style=\"text-align: justify;\">Desde ahora, las denominaciones Comisario, Sargento e Inspector, que se utilizaban en masculino para ambos g\u00e9neros, deber\u00e1n feminizarse para nombrar a las mujeres, que ser\u00e1n Sargenta, Comisaria e Inspectora, seg\u00fan corresponda.<\/p>\n<p style=\"text-align: justify;\">\u201cEsta medida representa un avance en el logro de una mayor igualdad entre hombres y mujeres al interior de la polic\u00eda y un reconocimiento al rol fundamental que cumplen las mujeres en esta instituci\u00f3n\u201d, dijo el Ministro Casal, quien se\u00f1al\u00f3 la necesidad de corregir \u00abel uso sesgado de algunos t\u00e9rminos\u00bb para \u00abreflejar en el lenguaje la integraci\u00f3n de las mujeres en la polic\u00eda bonaerense\u00bb.<\/p>\n<p style=\"text-align: justify;\">La Directora General de Coordinaci\u00f3n de Pol\u00edticas de G\u00e9nero del Ministerio de Justicia y Seguridad, Lic. Silvia La Ruffa, sostuvo que \u201ca menudo el lenguaje refleja y refuerza los estereotipos presentes en una sociedad\u00bb.<\/p>\n<p style=\"text-align: justify;\">Este a\u00f1o tuvo una caracter\u00edstica particular para la polic\u00eda bonaerense y las mujeres, puesto que la Comisaria General especialista en narcotr\u00e1fico Regina Zonta se transform\u00f3 en la primera mujer en alcanzar un alto cargo en la c\u00fapula de la Bonaerense.<\/p>\n<p style=\"text-align: justify;\">Zonta es Superintendenta de Seguridad Zona Interior y antes de ocupar ese cargo se desempe\u00f1aba como Jefa de Departamental de Exaltaci\u00f3n de la Cruz.<\/p>\n<p style=\"text-align: justify;\"><span style=\"color: #888888;\">Fuente: Prensa Polic\u00eda Mercedes<\/span><\/p>\n","protected":false},"excerpt":{"rendered":"<p>El Ministro de Seguridad y Justicia firm\u00f3 una resoluci\u00f3n que obliga a utilizar las formas de g\u00e9nero para referirse al &#8230; <a title=\"Casal dispuso la diferencia de g\u00e9nero en el grado de la polic\u00eda\" class=\"read-more\" href=\"https:\/\/www.hoymercedes.com.ar\/principal\/2010\/12\/09\/casal-dispuso-la-diferencia-de-genero-en-el-grado-de-la-policia\/\" aria-label=\"Leer m\u00e1s sobre Casal dispuso la diferencia de g\u00e9nero en el grado de la polic\u00eda\">Leer m\u00e1s<\/a><\/p>\n","protected":false},"author":1,"featured_media":0,"comment_status":"open","ping_status":"open","sticky":false,"template":"","format":"standard","meta":{"_monsterinsights_skip_tracking":false,"_monsterinsights_sitenote_active":false,"_monsterinsights_sitenote_note":"","_monsterinsights_sitenote_category":0,"jetpack_post_was_ever_published":false,"_jetpack_newsletter_access":"","_jetpack_dont_email_post_to_subs":false,"_jetpack_newsletter_tier_id":0,"_jetpack_memberships_contains_paywalled_content":false,"_jetpack_memberships_contains_paid_content":false,"footnotes":"","jetpack_publicize_message":"","jetpack_publicize_feature_enabled":true,"jetpack_social_post_already_shared":false,"jetpack_social_options":{"image_generator_settings":{"template":"highway","default_image_id":0,"font":"","enabled":false},"version":2},"_wpas_customize_per_network":false},"categories":[85],"tags":[],"class_list":["post-997","post","type-post","status-publish","format-standard","hentry","category-policial","generate-columns","tablet-grid-50","mobile-grid-100","grid-parent","grid-50"],"jetpack_publicize_connections":[],"jetpack_featured_media_url":"","wps_subtitle":"","jetpack_sharing_enabled":true,"_links":{"self":[{"href":"https:\/\/www.hoymercedes.com.ar\/principal\/wp-json\/wp\/v2\/posts\/997","targetHints":{"allow":["GET"]}}],"collection":[{"href":"https:\/\/www.hoymercedes.com.ar\/principal\/wp-json\/wp\/v2\/posts"}],"about":[{"href":"https:\/\/www.hoymercedes.com.ar\/principal\/wp-json\/wp\/v2\/types\/post"}],"author":[{"embeddable":true,"href":"https:\/\/www.hoymercedes.com.ar\/principal\/wp-json\/wp\/v2\/users\/1"}],"replies":[{"embeddable":true,"href":"https:\/\/www.hoymercedes.com.ar\/principal\/wp-json\/wp\/v2\/comments?post=997"}],"version-history":[{"count":0,"href":"https:\/\/www.hoymercedes.com.ar\/principal\/wp-json\/wp\/v2\/posts\/997\/revisions"}],"wp:attachment":[{"href":"https:\/\/www.hoymercedes.com.ar\/principal\/wp-json\/wp\/v2\/media?parent=997"}],"wp:term":[{"taxonomy":"category","embeddable":true,"href":"https:\/\/www.hoymercedes.com.ar\/principal\/wp-json\/wp\/v2\/categories?post=997"},{"taxonomy":"post_tag","embeddable":true,"href":"https:\/\/www.hoymercedes.com.ar\/principal\/wp-json\/wp\/v2\/tags?post=997"}],"curies":[{"name":"wp","href":"https:\/\/api.w.org\/{rel}","templated":true}]}}