{"id":99757,"date":"2019-09-13T07:16:49","date_gmt":"2019-09-13T10:16:49","guid":{"rendered":"http:\/\/www.hoymercedes.com.ar\/principal\/?p=99757"},"modified":"2019-09-12T21:50:41","modified_gmt":"2019-09-13T00:50:41","slug":"kesseler-y-saion-participaron-en-el-nacional-de-handball","status":"publish","type":"post","link":"https:\/\/www.hoymercedes.com.ar\/principal\/2019\/09\/13\/kesseler-y-saion-participaron-en-el-nacional-de-handball\/","title":{"rendered":"Kesseler y Saion participaron en el Nacional de handball"},"content":{"rendered":"\n<p>Los jugadores mercedinos de la Escuela Municipal de Handball tomaron parte del Torneo Nacional de Clubes de Handball como refuerzo en el equipo de la Escuela Municipal de Bragado. En el torneo, los resultados no acompa\u00f1aron, pero para los jugadores mercedinos fue una gran experiencia, pudiendo jugar cinco partidos frente a elencos de varias provincias, con destacadas actuaciones en esos enfrentamientos.<\/p>\n\n\n\n<figure class=\"wp-block-image\"><img loading=\"lazy\" decoding=\"async\" width=\"960\" height=\"960\" data-attachment-id=\"99758\" data-permalink=\"https:\/\/www.hoymercedes.com.ar\/principal\/2019\/09\/13\/kesseler-y-saion-participaron-en-el-nacional-de-handball\/70811663_581602295709451_8840588582746849280_n\/#main\" data-orig-file=\"https:\/\/www.hoymercedes.com.ar\/principal\/wp-content\/uploads\/2019\/09\/70811663_581602295709451_8840588582746849280_n.jpg\" data-orig-size=\"960,960\" data-comments-opened=\"0\" data-image-meta=\"{&quot;aperture&quot;:&quot;0&quot;,&quot;credit&quot;:&quot;&quot;,&quot;camera&quot;:&quot;&quot;,&quot;caption&quot;:&quot;&quot;,&quot;created_timestamp&quot;:&quot;0&quot;,&quot;copyright&quot;:&quot;&quot;,&quot;focal_length&quot;:&quot;0&quot;,&quot;iso&quot;:&quot;0&quot;,&quot;shutter_speed&quot;:&quot;0&quot;,&quot;title&quot;:&quot;&quot;,&quot;orientation&quot;:&quot;0&quot;}\" data-image-title=\"70811663_581602295709451_8840588582746849280_n\" data-image-description=\"\" data-image-caption=\"\" data-large-file=\"https:\/\/www.hoymercedes.com.ar\/principal\/wp-content\/uploads\/2019\/09\/70811663_581602295709451_8840588582746849280_n.jpg\" src=\"https:\/\/www.hoymercedes.com.ar\/principal\/wp-content\/uploads\/2019\/09\/70811663_581602295709451_8840588582746849280_n.jpg\" alt=\"\" class=\"wp-image-99758\" srcset=\"https:\/\/www.hoymercedes.com.ar\/principal\/wp-content\/uploads\/2019\/09\/70811663_581602295709451_8840588582746849280_n.jpg 960w, https:\/\/www.hoymercedes.com.ar\/principal\/wp-content\/uploads\/2019\/09\/70811663_581602295709451_8840588582746849280_n-150x150.jpg 150w, https:\/\/www.hoymercedes.com.ar\/principal\/wp-content\/uploads\/2019\/09\/70811663_581602295709451_8840588582746849280_n-620x620.jpg 620w, https:\/\/www.hoymercedes.com.ar\/principal\/wp-content\/uploads\/2019\/09\/70811663_581602295709451_8840588582746849280_n-100x100.jpg 100w\" sizes=\"auto, (max-width: 960px) 100vw, 960px\" \/><\/figure>\n\n\n\n<p>Bragado integr\u00f3 la zona A junto a Club Landini de San Juan y el Club Chaco For Ever de Resistencia, cayendo en ambas oportunidades. Los resultados fueron 30 \u2013 37 frente a los sanjuaninos y 18 \u2013 33 ante los chaque\u00f1os. Estos marcadores no le permitieron jugar en la zona para disputar un ascenso, quedando relegados a la zona permanencia. All\u00ed, pudieron ganarle al Club Mitre de Salta por 32 a 28, pero luego cayeron en definici\u00f3n por penales frente a Club IL Peretz de Santa Fe luego de haber igualado en 29 goles.<\/p>\n\n\n\n<p>En el \u00faltimo partido de la competencia, cayeron frente Club Estudiantes de Pehuaj\u00f3 por 40 a 27, finalizando en el puesto 11\u00b0 del Torneo Nacional de Clubes. Los jugadores mercedinos regresaron a la ciudad &nbsp;para viajar junto a su equipo a la ciudad de Riestra, en donde la Escuela Municipal de Handball disput\u00f3 la s\u00e9ptima fecha de la Copa AsAmBal frente al Club Atl\u00e9tico Tapalqu\u00e9 y el Club Estudiantes de Olavarr\u00eda.<\/p>\n","protected":false},"excerpt":{"rendered":"<p>Los jugadores mercedinos de la Escuela Municipal de Handball tomaron parte del Torneo Nacional de Clubes de Handball como refuerzo &#8230; <a title=\"Kesseler y Saion participaron en el Nacional de handball\" class=\"read-more\" href=\"https:\/\/www.hoymercedes.com.ar\/principal\/2019\/09\/13\/kesseler-y-saion-participaron-en-el-nacional-de-handball\/\" aria-label=\"Leer m\u00e1s sobre Kesseler y Saion participaron en el Nacional de handball\">Leer m\u00e1s<\/a><\/p>\n","protected":false},"author":1,"featured_media":99758,"comment_status":"closed","ping_status":"open","sticky":false,"template":"","format":"standard","meta":{"_monsterinsights_skip_tracking":false,"_monsterinsights_sitenote_active":false,"_monsterinsights_sitenote_note":"","_monsterinsights_sitenote_category":0,"jetpack_post_was_ever_published":false,"_jetpack_newsletter_access":"","_jetpack_dont_email_post_to_subs":false,"_jetpack_newsletter_tier_id":0,"_jetpack_memberships_contains_paywalled_content":false,"_jetpack_memberships_contains_paid_content":false,"footnotes":"","jetpack_publicize_message":"","jetpack_publicize_feature_enabled":true,"jetpack_social_post_already_shared":true,"jetpack_social_options":{"image_generator_settings":{"template":"highway","default_image_id":0,"font":"","enabled":false},"version":2},"_wpas_customize_per_network":false},"categories":[21],"tags":[204,8487,15752],"class_list":["post-99757","post","type-post","status-publish","format-standard","has-post-thumbnail","hentry","category-deportes","tag-deportes-2","tag-handball","tag-saion","generate-columns","tablet-grid-50","mobile-grid-100","grid-parent","grid-50"],"jetpack_publicize_connections":[],"jetpack_featured_media_url":"https:\/\/www.hoymercedes.com.ar\/principal\/wp-content\/uploads\/2019\/09\/70811663_581602295709451_8840588582746849280_n.jpg","wps_subtitle":"Handball","jetpack_sharing_enabled":true,"_links":{"self":[{"href":"https:\/\/www.hoymercedes.com.ar\/principal\/wp-json\/wp\/v2\/posts\/99757","targetHints":{"allow":["GET"]}}],"collection":[{"href":"https:\/\/www.hoymercedes.com.ar\/principal\/wp-json\/wp\/v2\/posts"}],"about":[{"href":"https:\/\/www.hoymercedes.com.ar\/principal\/wp-json\/wp\/v2\/types\/post"}],"author":[{"embeddable":true,"href":"https:\/\/www.hoymercedes.com.ar\/principal\/wp-json\/wp\/v2\/users\/1"}],"replies":[{"embeddable":true,"href":"https:\/\/www.hoymercedes.com.ar\/principal\/wp-json\/wp\/v2\/comments?post=99757"}],"version-history":[{"count":0,"href":"https:\/\/www.hoymercedes.com.ar\/principal\/wp-json\/wp\/v2\/posts\/99757\/revisions"}],"wp:featuredmedia":[{"embeddable":true,"href":"https:\/\/www.hoymercedes.com.ar\/principal\/wp-json\/wp\/v2\/media\/99758"}],"wp:attachment":[{"href":"https:\/\/www.hoymercedes.com.ar\/principal\/wp-json\/wp\/v2\/media?parent=99757"}],"wp:term":[{"taxonomy":"category","embeddable":true,"href":"https:\/\/www.hoymercedes.com.ar\/principal\/wp-json\/wp\/v2\/categories?post=99757"},{"taxonomy":"post_tag","embeddable":true,"href":"https:\/\/www.hoymercedes.com.ar\/principal\/wp-json\/wp\/v2\/tags?post=99757"}],"curies":[{"name":"wp","href":"https:\/\/api.w.org\/{rel}","templated":true}]}}