{"id":99780,"date":"2019-09-13T09:37:57","date_gmt":"2019-09-13T12:37:57","guid":{"rendered":"http:\/\/www.hoymercedes.com.ar\/principal\/?p=99780"},"modified":"2019-09-12T21:50:09","modified_gmt":"2019-09-13T00:50:09","slug":"finalizo-curso-de-ceremonial-y-protocolo","status":"publish","type":"post","link":"https:\/\/www.hoymercedes.com.ar\/principal\/2019\/09\/13\/finalizo-curso-de-ceremonial-y-protocolo\/","title":{"rendered":"Finaliz\u00f3 curso de ceremonial y protocolo"},"content":{"rendered":"\n<p>El Municipio de Mercedes en un trabajo en conjunto con la Asociaci\u00f3n Empresaria Hotelera y Gastron\u00f3mica, viene brindando diferentes cursos de manera gratuita en la ciudad, con el objetivo de capacitar y facultar a todos aquellos interesados. De esta manera, se realiz\u00f3 un curso de Ceremonial y Protocolo. El mismo estuvo abierto al p\u00fablico en general, fue gratuito y se llev\u00f3 adelante en el&nbsp; Centro de Capacitaci\u00f3n municipal (calles 21 y 26).<\/p>\n\n\n\n<p>Los objetivos de este curso fueron: \u201cadquirir las herramientas fundamentales para desempe\u00f1arse correctamente en diversos \u00e1mbitos sociales y empresariales seg\u00fan las reglas de ceremonial y protocolo vigentes\u201d seg\u00fan informaron desde la oficina de empleo municipal.<\/p>\n\n\n\n<p>Asimismo, se\u00f1alaron \u201cse pone de manifiesto la necesidad de capacitar a&nbsp; trabajadores gastron\u00f3micos y desocupados en las tareas de ceremonial y protocolo general y b\u00e1sico, actividad que es cada vez m\u00e1s diversificada, por el crecimiento del&nbsp; turismo en nuestra ciudad\u201d.<\/p>\n\n\n\n<p>Adem\u00e1s, se inform\u00f3 que ya est\u00e1n programadas m\u00e1s capacitaciones para los meses de octubre y noviembre, tal es el caso de \u201cAtenci\u00f3n y servicio al cliente\u201d y \u201cMozos y camareras\u201d, los cuales ser\u00e1n gratuitos y abierto a todo el p\u00fablico. &nbsp;&nbsp;<\/p>\n\n\n\n<p>Para m\u00e1s informaci\u00f3n se pueden acercar a la oficina de empleo calle 29 N\u00b0 637 (entre 26 y 28) tel. 15461109- 15585372.<\/p>\n\n\n\n<p>Fuente: Prensa Municipal<\/p>\n\n\n\n<figure class=\"wp-block-image\"><img loading=\"lazy\" decoding=\"async\" width=\"800\" height=\"533\" data-attachment-id=\"99781\" data-permalink=\"https:\/\/www.hoymercedes.com.ar\/principal\/2019\/09\/13\/finalizo-curso-de-ceremonial-y-protocolo\/13-muni-protocolo-1\/#main\" data-orig-file=\"https:\/\/www.hoymercedes.com.ar\/principal\/wp-content\/uploads\/2019\/09\/13-muni-protocolo-1.jpeg\" data-orig-size=\"800,533\" data-comments-opened=\"0\" data-image-meta=\"{&quot;aperture&quot;:&quot;0&quot;,&quot;credit&quot;:&quot;&quot;,&quot;camera&quot;:&quot;&quot;,&quot;caption&quot;:&quot;&quot;,&quot;created_timestamp&quot;:&quot;0&quot;,&quot;copyright&quot;:&quot;&quot;,&quot;focal_length&quot;:&quot;0&quot;,&quot;iso&quot;:&quot;0&quot;,&quot;shutter_speed&quot;:&quot;0&quot;,&quot;title&quot;:&quot;&quot;,&quot;orientation&quot;:&quot;0&quot;}\" data-image-title=\"13 muni protocolo (1)\" data-image-description=\"\" data-image-caption=\"\" data-large-file=\"https:\/\/www.hoymercedes.com.ar\/principal\/wp-content\/uploads\/2019\/09\/13-muni-protocolo-1.jpeg\" src=\"https:\/\/www.hoymercedes.com.ar\/principal\/wp-content\/uploads\/2019\/09\/13-muni-protocolo-1.jpeg\" alt=\"\" class=\"wp-image-99781\" srcset=\"https:\/\/www.hoymercedes.com.ar\/principal\/wp-content\/uploads\/2019\/09\/13-muni-protocolo-1.jpeg 800w, https:\/\/www.hoymercedes.com.ar\/principal\/wp-content\/uploads\/2019\/09\/13-muni-protocolo-1-150x100.jpeg 150w, https:\/\/www.hoymercedes.com.ar\/principal\/wp-content\/uploads\/2019\/09\/13-muni-protocolo-1-630x420.jpeg 630w, https:\/\/www.hoymercedes.com.ar\/principal\/wp-content\/uploads\/2019\/09\/13-muni-protocolo-1-720x480.jpeg 720w, https:\/\/www.hoymercedes.com.ar\/principal\/wp-content\/uploads\/2019\/09\/13-muni-protocolo-1-360x240.jpeg 360w\" sizes=\"auto, (max-width: 800px) 100vw, 800px\" \/><\/figure>\n","protected":false},"excerpt":{"rendered":"<p>El Municipio de Mercedes en un trabajo en conjunto con la Asociaci\u00f3n Empresaria Hotelera y Gastron\u00f3mica, viene brindando diferentes cursos &#8230; <a title=\"Finaliz\u00f3 curso de ceremonial y protocolo\" class=\"read-more\" href=\"https:\/\/www.hoymercedes.com.ar\/principal\/2019\/09\/13\/finalizo-curso-de-ceremonial-y-protocolo\/\" aria-label=\"Leer m\u00e1s sobre Finaliz\u00f3 curso de ceremonial y protocolo\">Leer m\u00e1s<\/a><\/p>\n","protected":false},"author":1,"featured_media":99781,"comment_status":"closed","ping_status":"open","sticky":false,"template":"","format":"standard","meta":{"_monsterinsights_skip_tracking":false,"_monsterinsights_sitenote_active":false,"_monsterinsights_sitenote_note":"","_monsterinsights_sitenote_category":0,"jetpack_post_was_ever_published":false,"_jetpack_newsletter_access":"","_jetpack_dont_email_post_to_subs":false,"_jetpack_newsletter_tier_id":0,"_jetpack_memberships_contains_paywalled_content":false,"_jetpack_memberships_contains_paid_content":false,"footnotes":"","jetpack_publicize_message":"","jetpack_publicize_feature_enabled":true,"jetpack_social_post_already_shared":true,"jetpack_social_options":{"image_generator_settings":{"template":"highway","default_image_id":0,"font":"","enabled":false},"version":2},"_wpas_customize_per_network":false},"categories":[30],"tags":[8656,244],"class_list":["post-99780","post","type-post","status-publish","format-standard","has-post-thumbnail","hentry","category-municipio","tag-capacitacion","tag-municipio-2","generate-columns","tablet-grid-50","mobile-grid-100","grid-parent","grid-50"],"jetpack_publicize_connections":[],"jetpack_featured_media_url":"https:\/\/www.hoymercedes.com.ar\/principal\/wp-content\/uploads\/2019\/09\/13-muni-protocolo-1.jpeg","wps_subtitle":"Capacitaci\u00f3n gratuita","jetpack_sharing_enabled":true,"_links":{"self":[{"href":"https:\/\/www.hoymercedes.com.ar\/principal\/wp-json\/wp\/v2\/posts\/99780","targetHints":{"allow":["GET"]}}],"collection":[{"href":"https:\/\/www.hoymercedes.com.ar\/principal\/wp-json\/wp\/v2\/posts"}],"about":[{"href":"https:\/\/www.hoymercedes.com.ar\/principal\/wp-json\/wp\/v2\/types\/post"}],"author":[{"embeddable":true,"href":"https:\/\/www.hoymercedes.com.ar\/principal\/wp-json\/wp\/v2\/users\/1"}],"replies":[{"embeddable":true,"href":"https:\/\/www.hoymercedes.com.ar\/principal\/wp-json\/wp\/v2\/comments?post=99780"}],"version-history":[{"count":0,"href":"https:\/\/www.hoymercedes.com.ar\/principal\/wp-json\/wp\/v2\/posts\/99780\/revisions"}],"wp:featuredmedia":[{"embeddable":true,"href":"https:\/\/www.hoymercedes.com.ar\/principal\/wp-json\/wp\/v2\/media\/99781"}],"wp:attachment":[{"href":"https:\/\/www.hoymercedes.com.ar\/principal\/wp-json\/wp\/v2\/media?parent=99780"}],"wp:term":[{"taxonomy":"category","embeddable":true,"href":"https:\/\/www.hoymercedes.com.ar\/principal\/wp-json\/wp\/v2\/categories?post=99780"},{"taxonomy":"post_tag","embeddable":true,"href":"https:\/\/www.hoymercedes.com.ar\/principal\/wp-json\/wp\/v2\/tags?post=99780"}],"curies":[{"name":"wp","href":"https:\/\/api.w.org\/{rel}","templated":true}]}}