{"id":99822,"date":"2019-09-13T18:52:35","date_gmt":"2019-09-13T21:52:35","guid":{"rendered":"http:\/\/www.hoymercedes.com.ar\/principal\/?p=99822"},"modified":"2019-09-14T10:07:11","modified_gmt":"2019-09-14T13:07:11","slug":"detienen-a-sospechoso-de-robo-en-club-defensores","status":"publish","type":"post","link":"https:\/\/www.hoymercedes.com.ar\/principal\/2019\/09\/13\/detienen-a-sospechoso-de-robo-en-club-defensores\/","title":{"rendered":"Detienen a sospechoso de robo en Club Defensores"},"content":{"rendered":"\n<p>En la jornada del pasado jueves, personal policial procedi\u00f3 a la detenci\u00f3n de un sujeto mayor de edad (43 a\u00f1os), oriundo de CABA, aunque instalado recientemente en la ciudad y cuyo nombre no trascendi\u00f3. Fue en el marco de una investigaci\u00f3n por \u201cRobo simple\u201d investigada a instancias de la Unidad Funcional de Instrucci\u00f3n N\u00ba 2 \u2013 a cargo del doctor Sebasti\u00e1n Villalba.<\/p>\n\n\n\n<p>Para los investigadores se encuentra acreditado\nque el d\u00eda 11 de agosto del corriente, el ahora imputado concurri\u00f3 a la sede\ndel club Defensores, sita en calle 6 y 35, y previo ejercer fuerza rompiendo el\ncandado de la puerta de chapa de la edificaci\u00f3n ingres\u00f3 a la vivienda del casero\ny se apoder\u00f3 ileg\u00edtimamente de una garrafa de 10 kilos.&nbsp; Seguidamente, se dio a la fuga del lugar,\nsiendo observado por un testigo que lo sigui\u00f3, lo intercept\u00f3 logrando que el\nmismo arrojara la garrafa y se escapara r\u00e1pidamente del lugar. <\/p>\n\n\n\n<p>Con el apoyo de im\u00e1genes aportadas por las\nc\u00e1maras de seguridad del Centro Operativo Mercedes del municipio local, se logr\u00f3\nidentificar al sujeto. <\/p>\n\n\n\n<p>Con los elementos recabados desde la UFIJ se\nsolicit\u00f3 al Juzgado de Garant\u00edas N\u00ba 2 Departamental,&nbsp; a cargo del doctor Dr. Facundo Oliva una\norden de detenci\u00f3n. La misma fue concedida y efectivizada en la jornada de este\njueves.&nbsp; <\/p>\n\n\n\n<p>El imputado compareci\u00f3 ante el agente fiscal en\nel marco de la audiencia de declaraci\u00f3n en los t\u00e9rminos del art. 308 del C\u00f3digo\nProcesal Penal.<\/p>\n\n\n\n<p>Vale destacar, adem\u00e1s, que se logr\u00f3 establecer que este sujeto tambi\u00e9n habr\u00eda sido el autor de otro hecho cometido en el mes de junio.<\/p>\n\n\n\n<p>Fuente: Ministerio P\u00fablico Bonaerenses &#8211; Depto Judicial Mercedes<\/p>\n","protected":false},"excerpt":{"rendered":"<p>En la jornada del pasado jueves, personal policial procedi\u00f3 a la detenci\u00f3n de un sujeto mayor de edad (43 a\u00f1os), &#8230; <a title=\"Detienen a sospechoso de robo en Club Defensores\" class=\"read-more\" href=\"https:\/\/www.hoymercedes.com.ar\/principal\/2019\/09\/13\/detienen-a-sospechoso-de-robo-en-club-defensores\/\" aria-label=\"Leer m\u00e1s sobre Detienen a sospechoso de robo en Club Defensores\">Leer m\u00e1s<\/a><\/p>\n","protected":false},"author":1,"featured_media":92785,"comment_status":"closed","ping_status":"open","sticky":false,"template":"","format":"standard","meta":{"_monsterinsights_skip_tracking":false,"_monsterinsights_sitenote_active":false,"_monsterinsights_sitenote_note":"","_monsterinsights_sitenote_category":0,"jetpack_post_was_ever_published":false,"_jetpack_newsletter_access":"","_jetpack_dont_email_post_to_subs":false,"_jetpack_newsletter_tier_id":0,"_jetpack_memberships_contains_paywalled_content":false,"_jetpack_memberships_contains_paid_content":false,"footnotes":"","jetpack_publicize_message":"","jetpack_publicize_feature_enabled":true,"jetpack_social_post_already_shared":true,"jetpack_social_options":{"image_generator_settings":{"template":"highway","default_image_id":0,"font":"","enabled":false},"version":2},"_wpas_customize_per_network":false},"categories":[85],"tags":[96,889],"class_list":["post-99822","post","type-post","status-publish","format-standard","has-post-thumbnail","hentry","category-policial","tag-policial-2","tag-robo","generate-columns","tablet-grid-50","mobile-grid-100","grid-parent","grid-50"],"jetpack_publicize_connections":[],"jetpack_featured_media_url":"https:\/\/www.hoymercedes.com.ar\/principal\/wp-content\/uploads\/2019\/05\/12-policia-patrulleros.jpg","wps_subtitle":"","jetpack_sharing_enabled":true,"_links":{"self":[{"href":"https:\/\/www.hoymercedes.com.ar\/principal\/wp-json\/wp\/v2\/posts\/99822","targetHints":{"allow":["GET"]}}],"collection":[{"href":"https:\/\/www.hoymercedes.com.ar\/principal\/wp-json\/wp\/v2\/posts"}],"about":[{"href":"https:\/\/www.hoymercedes.com.ar\/principal\/wp-json\/wp\/v2\/types\/post"}],"author":[{"embeddable":true,"href":"https:\/\/www.hoymercedes.com.ar\/principal\/wp-json\/wp\/v2\/users\/1"}],"replies":[{"embeddable":true,"href":"https:\/\/www.hoymercedes.com.ar\/principal\/wp-json\/wp\/v2\/comments?post=99822"}],"version-history":[{"count":0,"href":"https:\/\/www.hoymercedes.com.ar\/principal\/wp-json\/wp\/v2\/posts\/99822\/revisions"}],"wp:featuredmedia":[{"embeddable":true,"href":"https:\/\/www.hoymercedes.com.ar\/principal\/wp-json\/wp\/v2\/media\/92785"}],"wp:attachment":[{"href":"https:\/\/www.hoymercedes.com.ar\/principal\/wp-json\/wp\/v2\/media?parent=99822"}],"wp:term":[{"taxonomy":"category","embeddable":true,"href":"https:\/\/www.hoymercedes.com.ar\/principal\/wp-json\/wp\/v2\/categories?post=99822"},{"taxonomy":"post_tag","embeddable":true,"href":"https:\/\/www.hoymercedes.com.ar\/principal\/wp-json\/wp\/v2\/tags?post=99822"}],"curies":[{"name":"wp","href":"https:\/\/api.w.org\/{rel}","templated":true}]}}