{"id":99824,"date":"2019-09-14T10:57:44","date_gmt":"2019-09-14T13:57:44","guid":{"rendered":"http:\/\/www.hoymercedes.com.ar\/principal\/?p=99824"},"modified":"2019-09-14T09:34:32","modified_gmt":"2019-09-14T12:34:32","slug":"lujan-tres-aprehendidos-por-intento-de-estafa","status":"publish","type":"post","link":"https:\/\/www.hoymercedes.com.ar\/principal\/2019\/09\/14\/lujan-tres-aprehendidos-por-intento-de-estafa\/","title":{"rendered":"Luj\u00e1n: Tres aprehendidos por intento de estafa"},"content":{"rendered":"\n<p>El pasado mi\u00e9rcoles 11 de septiembre del\ncorriente, polic\u00eda de la localidad de Luj\u00e1n efectiviz\u00f3 tres\naprehensiones de sujetos que previamente hab\u00edan intentando estafar a un vecino\ncon un ardid. Se trata de tres hombres de entre 21 y 29 a\u00f1os, oriundos de\nTigre, que durante la ma\u00f1ana de dicha jornada se hab\u00edan presentado en un barrio\nde la ciudad enga\u00f1ando a los vecinos del lugar haci\u00e9ndose pasar por\ncooperativistas municipales a cargo de tareas de refacci\u00f3n de veredas.<\/p>\n\n\n\n<p>Seg\u00fan se pudo establecer, tras\narribar al lugar comenzaron a contactar a los vecinos de la zona, manifestando\nser parte de la cuadrilla de la Cooperativa que estaba realizando bacheo y\nreparaciones en el pavimento en la zona. De esta forma, lograron convencer a\nuno de los moradores&nbsp; para que les\nentregara la suma de mil pesos para realizar reparaciones sobre la vereda del\nfrente de su domicilio. No conformes con ello, al poco tiempo le dijeron al\ndamnificado que en su vereda hab\u00eda roturas que demandaban un trabajo por el\ncosto de doce mil pesos a lo que nuevamente, y conducido a enga\u00f1o, accedi\u00f3.<\/p>\n\n\n\n<p>Sin embargo, y a pesar que los imputados vest\u00edan ropa de trabajo y manipulaban herramientas, algunos vecinos comenzaron a sospechar de la situaci\u00f3n y hab\u00edan logrado establecer que los mismos no eran parte de la cuadrilla de la Cooperativa que en efecto realizaba reparaciones en la zona. Ante esto, dieron aviso a la polic\u00eda\u00a0 que se hizo presente en el lugar y llev\u00f3 a cabo la aprehensi\u00f3n de los tres sujetos. Los ahora imputados por el delito de\u00a0 \u201cEstafa en grado de tentativa\u201d comparecieron este jueves ante la agente fiscal a cargo interinamente de la Unidad Funcional de Instrucci\u00f3n N.\u00ba 10 del Departamento Judicial de Mercedes &#8211; doctora Laura Cordiviola &#8211; en el marco de la audiencia de declaraci\u00f3n en los t\u00e9rminos del art. 308 del C\u00f3digo Procesal Penal <\/p>\n\n\n\n<p>Fuente: Ministerio P\u00fablico Bonaerense &#8211; Depto Judicial Mercedes<\/p>\n","protected":false},"excerpt":{"rendered":"<p>El pasado mi\u00e9rcoles 11 de septiembre del corriente, polic\u00eda de la localidad de Luj\u00e1n efectiviz\u00f3 tres aprehensiones de sujetos que &#8230; <a title=\"Luj\u00e1n: Tres aprehendidos por intento de estafa\" class=\"read-more\" href=\"https:\/\/www.hoymercedes.com.ar\/principal\/2019\/09\/14\/lujan-tres-aprehendidos-por-intento-de-estafa\/\" aria-label=\"Leer m\u00e1s sobre Luj\u00e1n: Tres aprehendidos por intento de estafa\">Leer m\u00e1s<\/a><\/p>\n","protected":false},"author":1,"featured_media":99825,"comment_status":"closed","ping_status":"open","sticky":false,"template":"","format":"standard","meta":{"_monsterinsights_skip_tracking":false,"_monsterinsights_sitenote_active":false,"_monsterinsights_sitenote_note":"","_monsterinsights_sitenote_category":0,"jetpack_post_was_ever_published":false,"_jetpack_newsletter_access":"","_jetpack_dont_email_post_to_subs":false,"_jetpack_newsletter_tier_id":0,"_jetpack_memberships_contains_paywalled_content":false,"_jetpack_memberships_contains_paid_content":false,"footnotes":"","jetpack_publicize_message":"","jetpack_publicize_feature_enabled":true,"jetpack_social_post_already_shared":true,"jetpack_social_options":{"image_generator_settings":{"template":"highway","default_image_id":0,"font":"","enabled":false},"version":2},"_wpas_customize_per_network":false},"categories":[85],"tags":[4942,96,1057],"class_list":["post-99824","post","type-post","status-publish","format-standard","has-post-thumbnail","hentry","category-policial","tag-accidente-aereo-lujan","tag-policial-2","tag-regional","generate-columns","tablet-grid-50","mobile-grid-100","grid-parent","grid-50"],"jetpack_publicize_connections":[],"jetpack_featured_media_url":"https:\/\/www.hoymercedes.com.ar\/principal\/wp-content\/uploads\/2019\/09\/14-policial-lujan.jpg","wps_subtitle":"","jetpack_sharing_enabled":true,"_links":{"self":[{"href":"https:\/\/www.hoymercedes.com.ar\/principal\/wp-json\/wp\/v2\/posts\/99824","targetHints":{"allow":["GET"]}}],"collection":[{"href":"https:\/\/www.hoymercedes.com.ar\/principal\/wp-json\/wp\/v2\/posts"}],"about":[{"href":"https:\/\/www.hoymercedes.com.ar\/principal\/wp-json\/wp\/v2\/types\/post"}],"author":[{"embeddable":true,"href":"https:\/\/www.hoymercedes.com.ar\/principal\/wp-json\/wp\/v2\/users\/1"}],"replies":[{"embeddable":true,"href":"https:\/\/www.hoymercedes.com.ar\/principal\/wp-json\/wp\/v2\/comments?post=99824"}],"version-history":[{"count":0,"href":"https:\/\/www.hoymercedes.com.ar\/principal\/wp-json\/wp\/v2\/posts\/99824\/revisions"}],"wp:featuredmedia":[{"embeddable":true,"href":"https:\/\/www.hoymercedes.com.ar\/principal\/wp-json\/wp\/v2\/media\/99825"}],"wp:attachment":[{"href":"https:\/\/www.hoymercedes.com.ar\/principal\/wp-json\/wp\/v2\/media?parent=99824"}],"wp:term":[{"taxonomy":"category","embeddable":true,"href":"https:\/\/www.hoymercedes.com.ar\/principal\/wp-json\/wp\/v2\/categories?post=99824"},{"taxonomy":"post_tag","embeddable":true,"href":"https:\/\/www.hoymercedes.com.ar\/principal\/wp-json\/wp\/v2\/tags?post=99824"}],"curies":[{"name":"wp","href":"https:\/\/api.w.org\/{rel}","templated":true}]}}