{"id":99842,"date":"2019-09-14T13:07:57","date_gmt":"2019-09-14T16:07:57","guid":{"rendered":"http:\/\/www.hoymercedes.com.ar\/principal\/?p=99842"},"modified":"2019-09-14T14:45:44","modified_gmt":"2019-09-14T17:45:44","slug":"el-reciclado-como-una-politica","status":"publish","type":"post","link":"https:\/\/www.hoymercedes.com.ar\/principal\/2019\/09\/14\/el-reciclado-como-una-politica\/","title":{"rendered":"El reciclado como una pol\u00edtica"},"content":{"rendered":"\n<p> Cristi\u00e1n Frers* &#8211; <em>\u201cPara qu\u00e9 voy a reciclar, si luego todo va al mismo sitio\u201c,<\/em> es un t\u00f3pico al que muchas personas recurren para excusar por qu\u00e9 no empiezan a\u00a0<strong>separar la basura en casa.<\/strong> \u00a0Esta afirmaci\u00f3n no es m\u00e1s que uno de los motivos por los cuales los residuos acaban mezclados bajo tierra, tardando miles de a\u00f1os en descomponerse y da\u00f1ando gravemente al ambiente.<\/p>\n\n\n\n<p>El\nproblema de la basura contin\u00faa siendo un desaf\u00edo particular y colectivo, el\ntema es la falta de reglas claras, la discontinuidad en las medidas, los\npermanentes recambios de las autoridades gubernamentales, la nula o escasa educaci\u00f3n\nambiental y las escasas penalidades y controles.<\/p>\n\n\n\n<p>Cada\ndos segundos, en Argentina se produce una tonelada de basura. Una inmensa\ncantidad termina en rellenos sanitarios o en basureros a cielo abierto que\nest\u00e1n al borde del colapso. \u00bfC\u00f3mo reciclarla? Es una pregunta cuya respuesta\nencierra uno de los problemas m\u00e1s serios que enfrentan las grandes ciudades, y\nlas ciudades en el pa\u00eds no son la excepci\u00f3n.\nTan s\u00f3lo una minor\u00eda separa sus desperdicios regularmente. M\u00e1s de la mitad\n(53%) de la poblaci\u00f3n sabe poco o nada sobre temas vinculados con el\ntratamiento, separaci\u00f3n y reciclado de la basura. La clave: profundizar\nel cambio cultural para dejar de pensar a la basura como un desecho y\nentenderlo como un recurso.<\/p>\n\n\n\n<p>As\u00ed\nse ha entendido en Suecia. Los suecos son tan buenos reciclando&nbsp;que,\ndurante varios a\u00f1os, han importado basura de otros pa\u00edses para mantener sus\nplantas de reciclaje en funcionamiento. La cultura del cuidado del ambiente del\npa\u00eds es en parte gracias a su eficiente sistema de gesti\u00f3n de residuos.<\/p>\n\n\n\n<p>\u201cLa\ngente sueca est\u00e1 muy interesada en estar en contacto con la naturaleza y est\u00e1n\nconscientes de lo que necesitamos hacer con respecto a la naturaleza y los\nproblemas ambientales. Trabajamos en comunicaci\u00f3n y educaci\u00f3n durante mucho\ntiempo para que la gente fuera consciente de no tirar cosas al aire libre sino\nque&nbsp;reciclaran y reutilizaran\u201d, dijo Anna-Carin Gripwall, directora de\ncomunicaciones de Avfall Sverige del Sistema de Manejo de Residuos de Suecia.<\/p>\n\n\n\n<p>El\n3 de septiembre del 2019, un pol\u00e9mico DNU firmado por el gobierno de Mauricio\nMacri no pas\u00f3 desapercibido: se trata una modificaci\u00f3n de la orden N\u00ba 181\/1992\nque por aquel entonces habilitaba a la importaci\u00f3n de basura de otros pa\u00edses y\nque gener\u00f3 un esc\u00e1ndalo por la aparici\u00f3n de residuos nucleares en el gobierno\nde Carlos Menem. El mismo flexibiliza el debido control ecol\u00f3gico, librando a\nla Argentina a transformarse en un pa\u00eds receptor de basura peligrosa como la\nnuclear, proveniente de Europa y otras regiones.<\/p>\n\n\n\n<p>Esto,\nadem\u00e1s de poner en peligro al ambiente, representa una dura contradicci\u00f3n en\nt\u00e9rminos ecol\u00f3gicos: mientras el gobierno no destina los suficientes fondos\npara reciclar la basura que se genera en su propio pa\u00eds, <strong>se destinar\u00e1n millones\npara pagar la basura que descartan otras nacione<\/strong>s. Todo esto,\nmientras pa\u00edses como China y parte de la Uni\u00f3n Europea proh\u00edben el ingreso de\nbasura a sus pa\u00edses.<\/p>\n\n\n\n<p>Los\nargentinos debemos entender que el reciclaje juega un papel importante en\ncombatir la problem\u00e1tica del agotamiento de los recursos ambientales. Reducir\nla cantidad de residuos y mantener el ambiente libre de contaminaci\u00f3n. Reciclar\nes la forma en que se reutiliza o se renueva los residuos para fabricar otros\nmateriales. En vez de tirar el papel, el cart\u00f3n, los alimentos, las latas, las\nbotellas de vidrio y pl\u00e1stico se pueden reciclar para obtener otros art\u00edculos, adem\u00e1s\nse ahorra energ\u00eda, agua, materias primas y recursos naturales. Se debe consumir\nresponsablemente y comenzar a reciclar desde los hogares para evitar la\ncontaminaci\u00f3n en espacios rurales y urbanos.<\/p>\n\n\n\n<p>\u00bfPor qu\u00e9 me preocupa tanto el\nproblema de la basura? Porque a &nbsp;la hora de plantear estrategias y\nsoluciones efectivas, la basura es uno de los problemas ambientales que se\nubica dentro de la lista de prioritarios y que, a su vez, genera grandes\ndesaf\u00edos para su manejo.<\/p>\n\n\n\n<p>Estoy\nconvencido que la educaci\u00f3n es la clave para involucrar a las comunidades en\nlos proyectos, iniciativas y campa\u00f1as para fortalecer los sistemas de\nreciclaje. Adem\u00e1s, es de suma importancia que las autoridades fortalezcan las\npol\u00edticas p\u00fablicas y los incentivos que regulan y estimulan estos procesos. <\/p>\n\n\n\n<p>*Cristi\u00e1n Frers \u2013 T\u00e9cnico Superior en Gesti\u00f3n Ambiental y T\u00e9cnico Superior en Comunicaci\u00f3n Social (Periodista).<\/p>\n","protected":false},"excerpt":{"rendered":"<p>Cristi\u00e1n Frers* &#8211; \u201cPara qu\u00e9 voy a reciclar, si luego todo va al mismo sitio\u201c, es un t\u00f3pico al que &#8230; <a title=\"El reciclado como una pol\u00edtica\" class=\"read-more\" href=\"https:\/\/www.hoymercedes.com.ar\/principal\/2019\/09\/14\/el-reciclado-como-una-politica\/\" aria-label=\"Leer m\u00e1s sobre El reciclado como una pol\u00edtica\">Leer m\u00e1s<\/a><\/p>\n","protected":false},"author":1,"featured_media":99843,"comment_status":"closed","ping_status":"open","sticky":false,"template":"","format":"standard","meta":{"_monsterinsights_skip_tracking":false,"_monsterinsights_sitenote_active":false,"_monsterinsights_sitenote_note":"","_monsterinsights_sitenote_category":0,"jetpack_post_was_ever_published":false,"_jetpack_newsletter_access":"","_jetpack_dont_email_post_to_subs":false,"_jetpack_newsletter_tier_id":0,"_jetpack_memberships_contains_paywalled_content":false,"_jetpack_memberships_contains_paid_content":false,"footnotes":"","jetpack_publicize_message":"","jetpack_publicize_feature_enabled":true,"jetpack_social_post_already_shared":true,"jetpack_social_options":{"image_generator_settings":{"template":"highway","default_image_id":0,"font":"","enabled":false},"version":2},"_wpas_customize_per_network":false},"categories":[1],"tags":[43,8748,1070],"class_list":["post-99842","post","type-post","status-publish","format-standard","has-post-thumbnail","hentry","category-opinion","tag-medio-ambiente","tag-opinion","tag-reciclado","generate-columns","tablet-grid-50","mobile-grid-100","grid-parent","grid-50"],"jetpack_publicize_connections":[],"jetpack_featured_media_url":"https:\/\/www.hoymercedes.com.ar\/principal\/wp-content\/uploads\/2019\/09\/14-reciclaje-ambiente.jpg","wps_subtitle":"","jetpack_sharing_enabled":true,"_links":{"self":[{"href":"https:\/\/www.hoymercedes.com.ar\/principal\/wp-json\/wp\/v2\/posts\/99842","targetHints":{"allow":["GET"]}}],"collection":[{"href":"https:\/\/www.hoymercedes.com.ar\/principal\/wp-json\/wp\/v2\/posts"}],"about":[{"href":"https:\/\/www.hoymercedes.com.ar\/principal\/wp-json\/wp\/v2\/types\/post"}],"author":[{"embeddable":true,"href":"https:\/\/www.hoymercedes.com.ar\/principal\/wp-json\/wp\/v2\/users\/1"}],"replies":[{"embeddable":true,"href":"https:\/\/www.hoymercedes.com.ar\/principal\/wp-json\/wp\/v2\/comments?post=99842"}],"version-history":[{"count":0,"href":"https:\/\/www.hoymercedes.com.ar\/principal\/wp-json\/wp\/v2\/posts\/99842\/revisions"}],"wp:featuredmedia":[{"embeddable":true,"href":"https:\/\/www.hoymercedes.com.ar\/principal\/wp-json\/wp\/v2\/media\/99843"}],"wp:attachment":[{"href":"https:\/\/www.hoymercedes.com.ar\/principal\/wp-json\/wp\/v2\/media?parent=99842"}],"wp:term":[{"taxonomy":"category","embeddable":true,"href":"https:\/\/www.hoymercedes.com.ar\/principal\/wp-json\/wp\/v2\/categories?post=99842"},{"taxonomy":"post_tag","embeddable":true,"href":"https:\/\/www.hoymercedes.com.ar\/principal\/wp-json\/wp\/v2\/tags?post=99842"}],"curies":[{"name":"wp","href":"https:\/\/api.w.org\/{rel}","templated":true}]}}