{"id":99860,"date":"2019-09-15T13:25:20","date_gmt":"2019-09-15T16:25:20","guid":{"rendered":"http:\/\/www.hoymercedes.com.ar\/principal\/?p=99860"},"modified":"2019-09-16T09:30:33","modified_gmt":"2019-09-16T12:30:33","slug":"para-la-nacion-wado-es-el-hombre-de-confianza-de-alberto-fernandez","status":"publish","type":"post","link":"https:\/\/www.hoymercedes.com.ar\/principal\/2019\/09\/15\/para-la-nacion-wado-es-el-hombre-de-confianza-de-alberto-fernandez\/","title":{"rendered":"Para La Naci\u00f3n \u00abWado\u00bb es el hombre de confianza de Alberto Fern\u00e1ndez"},"content":{"rendered":"\n<figure class=\"wp-block-image\"><img loading=\"lazy\" decoding=\"async\" width=\"1024\" height=\"700\" data-attachment-id=\"99862\" data-permalink=\"https:\/\/www.hoymercedes.com.ar\/principal\/2019\/09\/15\/para-la-nacion-wado-es-el-hombre-de-confianza-de-alberto-fernandez\/wadolanacion\/#main\" data-orig-file=\"https:\/\/www.hoymercedes.com.ar\/principal\/wp-content\/uploads\/2019\/09\/WadoLaNacion.png\" data-orig-size=\"1275,872\" data-comments-opened=\"0\" data-image-meta=\"{&quot;aperture&quot;:&quot;0&quot;,&quot;credit&quot;:&quot;&quot;,&quot;camera&quot;:&quot;&quot;,&quot;caption&quot;:&quot;&quot;,&quot;created_timestamp&quot;:&quot;0&quot;,&quot;copyright&quot;:&quot;&quot;,&quot;focal_length&quot;:&quot;0&quot;,&quot;iso&quot;:&quot;0&quot;,&quot;shutter_speed&quot;:&quot;0&quot;,&quot;title&quot;:&quot;&quot;,&quot;orientation&quot;:&quot;0&quot;}\" data-image-title=\"WadoLaNacion\" data-image-description=\"\" data-image-caption=\"\" data-large-file=\"https:\/\/www.hoymercedes.com.ar\/principal\/wp-content\/uploads\/2019\/09\/WadoLaNacion-1024x700.png\" src=\"https:\/\/www.hoymercedes.com.ar\/principal\/wp-content\/uploads\/2019\/09\/WadoLaNacion-1024x700.png\" alt=\"\" class=\"wp-image-99862\" srcset=\"https:\/\/www.hoymercedes.com.ar\/principal\/wp-content\/uploads\/2019\/09\/WadoLaNacion-1024x700.png 1024w, https:\/\/www.hoymercedes.com.ar\/principal\/wp-content\/uploads\/2019\/09\/WadoLaNacion-150x103.png 150w, https:\/\/www.hoymercedes.com.ar\/principal\/wp-content\/uploads\/2019\/09\/WadoLaNacion-630x431.png 630w, https:\/\/www.hoymercedes.com.ar\/principal\/wp-content\/uploads\/2019\/09\/WadoLaNacion.png 1275w\" sizes=\"auto, (max-width: 1024px) 100vw, 1024px\" \/><\/figure>\n\n\n\n<p>Eduardo \u00abWado\u00bb De pedro, el mercedino diputado nacional, volvi\u00f3 a ser parte de la escena nacional en primera plana. En esta ocasi\u00f3n Diario La Naci\u00f3n de la edici\u00f3n de este domingo le dedica una p\u00e1gina como \u00abel hombre de confianza de Fernandez\u00bb.<\/p>\n\n\n\n<p>Seg\u00fan el diario el mercedino cumpli\u00f3 un rol importante en el armado y uni\u00f3n del peronismo y, ahora, se convirti\u00f3 en un interlocutor de m\u00faltiples sectores con miras a un posible gobierno de Alberto Fern\u00e1ndez.<\/p>\n\n\n\n<p>La nota, firmada por <strong>Gabrial Sued<\/strong>, es la siguiente: <\/p>\n\n\n\n<p>Ocurri\u00f3 el mi\u00e9rcoles a la noche, en el Hotel Sheraton  de San Miguel de Tucum\u00e1n, en una celebraci\u00f3n de la Uni\u00f3n Industrial. Un  empresario se acerc\u00f3 a  <strong>Eduardo \u00abWado\u00bb De Pedro<\/strong>, uno de los dirigentes que viajaron con  <strong>Alberto Fern\u00e1ndez<\/strong> desde Buenos Aires, y, aprovechando el aire de  cordialidad que se respiraba, le pregunt\u00f3 si \u00e9l era el \u00abcomisario  pol\u00edtico de Cristina\u00bb. Ante la respuesta negativa, el hombre de negocios  insisti\u00f3: \u00abBueno, pero viniste como su representante\u00bb. El dirigente de  La C\u00e1mpora pens\u00f3 unos segundos y le dijo: \u00abNo, tampoco. El representante  de Cristina es Alberto\u00bb.<\/p>\n\n\n\n<p>Cuando falta un mes y medio para las elecciones generales, y ante la reserva con la que se maneja el candidato presidencial del \n<strong>Frente de Todos<\/strong> respecto de los nombres de su\n<strong> eventual gabinete<\/strong>, pocos saben con certeza cu\u00e1l ser\u00e1 el destino \nde De Pedro, exsecretario general de la Presidencia, en un gobierno de \nFern\u00e1ndez. Pero todos en la coalici\u00f3n opositora coinciden en que este \ndirigente de 42 a\u00f1os, con una vida de pel\u00edcula, ocupar\u00e1 un lugar de \nmucha influencia y peso pol\u00edtico en la etapa que viene.<\/p>\n\n\n\n<p>No es un pron\u00f3stico arriesgado. Es resultado del an\u00e1lisis\n del papel que interpreta hoy el diputado por la provincia de Buenos \nAires, uno de los dirigentes de La C\u00e1mpora de mayor confianza de \nCristina y de M\u00e1ximo Kirchner. Wado, a secas, como lo llaman en el mundo\n de la pol\u00edtica, participa en buena parte de las reuniones que mantiene \nFern\u00e1ndez. Fue tambi\u00e9n fundamental en el acuerdo electoral con el Frente\n Renovador, de Sergio Massa. Es, en definitiva, una pieza clave de la \nfuerza con m\u00e1s posibilidades de gobernar a partir del 10 de diciembre.<\/p>\n\n\n\n<p>Aunque su jefe pol\u00edtico sigue siendo M\u00e1ximo, Wado se \nacopl\u00f3 como ning\u00fan otro dirigente del cristinismo puro al esquema de \nFern\u00e1ndez. Hablan casi todos los d\u00edas y se re\u00fanen m\u00e1s de una vez por \nsemana, sin excepci\u00f3n. Referente del ala moderada de La C\u00e1mpora, cumple \nuna tarea de articulaci\u00f3n pol\u00edtica entre los distintos sectores que \nintegran el frente. Tambi\u00e9n es un canal de di\u00e1logo con sindicalistas y \nempresarios. No es todo: como abogado, exempleado del sindicato de \njudiciales e integrante del Consejo de la Magistratura, tiene una red \namplia de contactos con el universo judicial.<\/p>\n\n\n\n<p>Los nexos de Wado con el mundo empresario quedaron \nexpuestos el mes pasado, cuando se conoci\u00f3 que hab\u00eda organizado la \nreuni\u00f3n entre Fern\u00e1ndez y Marcos Galperin, el due\u00f1o de Mercado Libre. El\n empresario lo contact\u00f3 este a\u00f1o, por medio de colegas del sector que \nhab\u00edan conocido a De Pedro en su paso por la Secretar\u00eda General de la \nPresidencia, entre 2013 y 2015. Hablaron por tel\u00e9fono varias veces y, \ntras el triunfo del Frente de Todos en las PASO, Galperin le pidi\u00f3 que \narmara un encuentro con el candidato presidencial. Los empresarios \nsuelen elegirlo como interlocutor. \u00abNosotros somos peronistas. Creemos \nen la comunidad organizada, con gremios y empresas. Trabajamos por un \nmodelo de pa\u00eds en el que haya trabajo para todos, y el trabajo lo dan \nlos empresarios. La C\u00e1mpora cree en eso\u00bb, les aclara \u00e9l a los que lo \nmiran con desconfianza.<\/p>\n\n\n\n<p>\u00bfQu\u00e9 tiene Wado? \u00abEs el menos trosko de los nuestros, m\u00e1s\n parecido a un peronista cl\u00e1sico\u00bb, lo define un diputado de La C\u00e1mpora, y\n destaca una virtud por la que es muy valorado en la organizaci\u00f3n: \n\u00abHabla con todos, pero nunca pierde de vista cu\u00e1l es su terminal. Hay \nalgunos que se ponen el traje de operadores y terminan jugando la \npropia, o se contagian y terminan representando los intereses de los \ntipos con los que hablan, como Paladino [Jorge, delegado personal de \nPer\u00f3n durante su exilio]. \u00c9l siempre defiende a Cristina y a M\u00e1ximo\u00bb.Ads by  \n\n\n    \n    <\/p>\n\n\n\n<p>Aunque no suele poner su historia por delante, en la \nagrupaci\u00f3n a nadie se le escapan su origen ni su trayectoria. Hijo de \nEnrique De Pedro y Lucila Revora, dos dirigentes peronistas \ndesaparecidos, Wado se crio en Mercedes, con sus t\u00edos maternos y sus \nprimos, a los que considera sus hermanos. Lleg\u00f3 ah\u00ed despu\u00e9s de que lo \nsecuestraron junto con su madre, el 11 de octubre 1978, en un operativo \ncomando en una casa de Floresta. Los militares acribillaron el ba\u00f1o en \nque se escondieron. \u00c9l ten\u00eda casi dos a\u00f1os y salv\u00f3 su vida de milagro, \nporque su mam\u00e1 lo meti\u00f3 dentro de la ba\u00f1era y lo cubri\u00f3 con su cuerpo.<\/p>\n\n\n\n<p>\u00abTenemos un paquete para la familia Revora\u00bb, le dijeron \nal cura p\u00e1rroco de Mercedes, que lo fue a buscar al cruce de las rutas 5\n y 41, el 13 de enero de 1979, despu\u00e9s de tres meses de cautiverio. \nIntegrado a la agrupaci\u00f3n Hijos, de adolescente organiz\u00f3 un escrache a \nAlfredo Astiz y, el 20 de diciembre de 2001, fue detenido y torturado \npor la polic\u00eda, en la represi\u00f3n que termin\u00f3 con la salida de Fernando de\n la R\u00faa. En el peronismo no kirchnerista tambi\u00e9n lo aprecian. \u00abEs duro \nnegociando, pero es c\u00e1lido en lo personal, cumple la palabra y no filtra\n las conversaciones. Pod\u00e9s estar hablando un a\u00f1o seguido con \u00e9l sin que \nnadie se entere\u00bb, dice un dirigente que negoci\u00f3 con \u00e9l, y cuenta que en \nesas conversaciones en privado Wado habla con fluidez, sin tartamudear \ncomo lo hace en p\u00fablico.<\/p>\n\n\n\n<p>La disfluencia, el trastorno que De Pedro padece desde \nchico, lo forz\u00f3 a un perfil bajo. Habl\u00f3 un par de veces en la C\u00e1mara de \nDiputados, pero no qued\u00f3 conforme y prefiri\u00f3 no hacerlo m\u00e1s. Hace \nalgunos a\u00f1os un neur\u00f3logo muy conocido le ofreci\u00f3 un tratamiento que \npod\u00eda acelerarle el habla, pero a costa de aletargarle un poco sus \nrazonamientos, una suerte de ecualizaci\u00f3n. \u00abMejor no, dejame pensando \nr\u00e1pido\u00bb, respondi\u00f3 \u00e9l.<\/p>\n\n\n\n<p>La derrota de 2015 lo golpe\u00f3 m\u00e1s que a otros dirigentes \nde La C\u00e1mpora. \u00c9l hab\u00eda tenido responsabilidades de gesti\u00f3n, entre \nellas, el v\u00ednculo con el Poder Judicial, que encabez\u00f3 su entonces socio,\n el exsecretario de Justicia Juli\u00e1n \u00c1lvarez. Es una de las facturas \ninternas que suelen pasarle.<\/p>\n\n\n\n<p>El viento cambi\u00f3 r\u00e1pido. Una de las negociaciones que \nmejor cotiz\u00f3 a Wado fue la que, a fin del a\u00f1o pasado, permiti\u00f3 \narrebatarle un lugar al oficialismo en el Consejo de la Magistratura. \nJunt\u00f3 los votos de los gobernadores y de los bloques peronistas. \u00abEn \nt\u00e1ndem con Graciela [Cama\u00f1o], \u00e9l confi\u00f3 y jug\u00f3, aun a riesgo de que le \nsaliera el tiro por la culata, y se banc\u00f3 en la espalda a todo su \nespacio\u00bb, lo elogian en el Frente Renovador.<\/p>\n\n\n\n<p>Fue un antecedente clave para la unidad electoral. Wado  mantuvo el di\u00e1logo con Massa, incluso cuando M\u00e1ximo lo hab\u00eda  interrumpido. En sociedad con Ra\u00fal P\u00e9rez, dirigente de confianza del  jefe del Frente Renovador, pulieron la conformaci\u00f3n del frente en largas  sobremesas en su casa de San Telmo y en su quinta de Mercedes, donde  creci\u00f3 y donde, desde 2015, gobierna su hermano de crianza, Juan  Ustarroz. Su crianza all\u00ed le dio un perfil singular dentro de La  C\u00e1mpora. Tras heredar un campo de su madre, se desarroll\u00f3 como productor  agropecuario, actividad que a\u00fan realiza. Hace unos a\u00f1os hizo una  Maestr\u00eda en Administraci\u00f3n y Pol\u00edticas P\u00fablicas en la Universidad de San  Andr\u00e9s, pero todav\u00eda no entreg\u00f3 la tesis. Puede que el a\u00f1o que viene  tampoco tenga tiempo de hacerlo.                                                                          <\/p>\n\n\n\n<p>Por: <a href=\"https:\/\/www.lanacion.com.ar\/autor\/gabriel-sued-165\" target=\"_blank\" rel=\"noopener\">Gabriel Sued<\/a><\/p>\n","protected":false},"excerpt":{"rendered":"<p>Eduardo \u00abWado\u00bb De pedro, el mercedino diputado nacional, volvi\u00f3 a ser parte de la escena nacional en primera plana. En &#8230; <a title=\"Para La Naci\u00f3n \u00abWado\u00bb es el hombre de confianza de Alberto Fern\u00e1ndez\" class=\"read-more\" href=\"https:\/\/www.hoymercedes.com.ar\/principal\/2019\/09\/15\/para-la-nacion-wado-es-el-hombre-de-confianza-de-alberto-fernandez\/\" aria-label=\"Leer m\u00e1s sobre Para La Naci\u00f3n \u00abWado\u00bb es el hombre de confianza de Alberto Fern\u00e1ndez\">Leer m\u00e1s<\/a><\/p>\n","protected":false},"author":1,"featured_media":99862,"comment_status":"closed","ping_status":"open","sticky":false,"template":"","format":"standard","meta":{"_monsterinsights_skip_tracking":false,"_monsterinsights_sitenote_active":false,"_monsterinsights_sitenote_note":"","_monsterinsights_sitenote_category":0,"jetpack_post_was_ever_published":false,"_jetpack_newsletter_access":"","_jetpack_dont_email_post_to_subs":false,"_jetpack_newsletter_tier_id":0,"_jetpack_memberships_contains_paywalled_content":false,"_jetpack_memberships_contains_paid_content":false,"footnotes":"","jetpack_publicize_message":"","jetpack_publicize_feature_enabled":true,"jetpack_social_post_already_shared":true,"jetpack_social_options":{"image_generator_settings":{"template":"highway","default_image_id":0,"font":"","enabled":false},"version":2},"_wpas_customize_per_network":false},"categories":[5],"tags":[10113,281],"class_list":["post-99860","post","type-post","status-publish","format-standard","has-post-thumbnail","hentry","category-politica","tag-politica-nacional","tag-wado-de-pedro","generate-columns","tablet-grid-50","mobile-grid-100","grid-parent","grid-50"],"jetpack_publicize_connections":[],"jetpack_featured_media_url":"https:\/\/www.hoymercedes.com.ar\/principal\/wp-content\/uploads\/2019\/09\/WadoLaNacion.png","wps_subtitle":"Pol\u00edtica Nacional","jetpack_sharing_enabled":true,"_links":{"self":[{"href":"https:\/\/www.hoymercedes.com.ar\/principal\/wp-json\/wp\/v2\/posts\/99860","targetHints":{"allow":["GET"]}}],"collection":[{"href":"https:\/\/www.hoymercedes.com.ar\/principal\/wp-json\/wp\/v2\/posts"}],"about":[{"href":"https:\/\/www.hoymercedes.com.ar\/principal\/wp-json\/wp\/v2\/types\/post"}],"author":[{"embeddable":true,"href":"https:\/\/www.hoymercedes.com.ar\/principal\/wp-json\/wp\/v2\/users\/1"}],"replies":[{"embeddable":true,"href":"https:\/\/www.hoymercedes.com.ar\/principal\/wp-json\/wp\/v2\/comments?post=99860"}],"version-history":[{"count":0,"href":"https:\/\/www.hoymercedes.com.ar\/principal\/wp-json\/wp\/v2\/posts\/99860\/revisions"}],"wp:featuredmedia":[{"embeddable":true,"href":"https:\/\/www.hoymercedes.com.ar\/principal\/wp-json\/wp\/v2\/media\/99862"}],"wp:attachment":[{"href":"https:\/\/www.hoymercedes.com.ar\/principal\/wp-json\/wp\/v2\/media?parent=99860"}],"wp:term":[{"taxonomy":"category","embeddable":true,"href":"https:\/\/www.hoymercedes.com.ar\/principal\/wp-json\/wp\/v2\/categories?post=99860"},{"taxonomy":"post_tag","embeddable":true,"href":"https:\/\/www.hoymercedes.com.ar\/principal\/wp-json\/wp\/v2\/tags?post=99860"}],"curies":[{"name":"wp","href":"https:\/\/api.w.org\/{rel}","templated":true}]}}