{"id":99879,"date":"2019-09-15T18:31:29","date_gmt":"2019-09-15T21:31:29","guid":{"rendered":"http:\/\/www.hoymercedes.com.ar\/principal\/?p=99879"},"modified":"2019-09-16T09:46:08","modified_gmt":"2019-09-16T12:46:08","slug":"construyen-epi-en-bo-villa-industrial-este","status":"publish","type":"post","link":"https:\/\/www.hoymercedes.com.ar\/principal\/2019\/09\/15\/construyen-epi-en-bo-villa-industrial-este\/","title":{"rendered":"Construyen EPI en Bo. Villa Industrial Este"},"content":{"rendered":"\n<p>El Municipio de Mercedes contin\u00faa de forma planificada y paulatina sosteniendo la construcci\u00f3n de diferentes edificios que sustentan e impulsan la gran gama de dispositivos de salud y ni\u00f1ez en la ciudad. De esta manera, comenz\u00f3 la construcci\u00f3n de un nuevo Espacio Primera Infancia (EPI) en el barrio Villa Industrial Este, calles 112 y 23. <\/p>\n\n\n\n<figure class=\"wp-block-image\"><img loading=\"lazy\" decoding=\"async\" width=\"800\" height=\"450\" data-attachment-id=\"99880\" data-permalink=\"https:\/\/www.hoymercedes.com.ar\/principal\/2019\/09\/15\/construyen-epi-en-bo-villa-industrial-este\/15-epi-villa-industrial\/#main\" data-orig-file=\"https:\/\/www.hoymercedes.com.ar\/principal\/wp-content\/uploads\/2019\/09\/15-epi-villa-industrial.jpg\" data-orig-size=\"800,450\" data-comments-opened=\"0\" data-image-meta=\"{&quot;aperture&quot;:&quot;0&quot;,&quot;credit&quot;:&quot;&quot;,&quot;camera&quot;:&quot;&quot;,&quot;caption&quot;:&quot;&quot;,&quot;created_timestamp&quot;:&quot;0&quot;,&quot;copyright&quot;:&quot;&quot;,&quot;focal_length&quot;:&quot;0&quot;,&quot;iso&quot;:&quot;0&quot;,&quot;shutter_speed&quot;:&quot;0&quot;,&quot;title&quot;:&quot;&quot;,&quot;orientation&quot;:&quot;0&quot;}\" data-image-title=\"15-epi-villa-industrial\" data-image-description=\"\" data-image-caption=\"\" data-large-file=\"https:\/\/www.hoymercedes.com.ar\/principal\/wp-content\/uploads\/2019\/09\/15-epi-villa-industrial.jpg\" src=\"https:\/\/www.hoymercedes.com.ar\/principal\/wp-content\/uploads\/2019\/09\/15-epi-villa-industrial.jpg\" alt=\"\" class=\"wp-image-99880\" srcset=\"https:\/\/www.hoymercedes.com.ar\/principal\/wp-content\/uploads\/2019\/09\/15-epi-villa-industrial.jpg 800w, https:\/\/www.hoymercedes.com.ar\/principal\/wp-content\/uploads\/2019\/09\/15-epi-villa-industrial-150x84.jpg 150w, https:\/\/www.hoymercedes.com.ar\/principal\/wp-content\/uploads\/2019\/09\/15-epi-villa-industrial-630x354.jpg 630w\" sizes=\"auto, (max-width: 800px) 100vw, 800px\" \/><\/figure>\n\n\n\n<p>Para el intendente Ustarroz es \u201cun orgullo invertir en espacios que dar\u00e1n contenci\u00f3n, cuidado y desarrollo de nuestro ni\u00f1os y ni\u00f1as, porque ellos son el futuro de una cuidad mejor\u201d. Vale recordar que Mercedes fue declarada \u201cCiudad Amiga de la Primera Infancia\u201d por la SAPI.<\/p>\n\n\n\n<p>El jefe de gabinete, Mat\u00edas Dematei se\u00f1al\u00f3 al respecto que \u201ces una construcci\u00f3n de 140 metros -entre cerrados y cubiertos- y fue dise\u00f1ado en la Secretar\u00eda de Obras P\u00fablicas\u201d y destac\u00f3 \u201cpara nosotros es muy importante la primera infancia y entendemos que es prioritario trabajar en estos dispositivos que apuntan al cuidado de los ni\u00f1os\u201d.<\/p>\n\n\n\n<p>Jorgelina Silva a coment\u00f3 que \u201ces algo que se enmarca en el plan estrat\u00e9gico de ampliaci\u00f3n y construcci\u00f3n de Jardines Espacios Primera Infancia\u201d y que \u201cse decide construir ahora uno nuevo en Villa Industrial Este pensando en un nuevo lugar para ni\u00f1os de 1 a 3 a\u00f1os, reafirmando la pol\u00edtica del intendente de cuidar la ni\u00f1ez, con una clara prioridad, sabiendo que es la construcci\u00f3n de una ciudad mejor\u201d. <\/p>\n\n\n\n<p>\u00abSin duda la ni\u00f1ez y su cuidado impacta en toda la familia, en toda la ciudadan\u00eda, porque todo lo que se atienda en ese periodo de la vida y hasta los 6 a\u00f1os mejorar\u00e1 todos los dem\u00e1s indicadores, escolaridad, sociabilizaci\u00f3n, salud, nutrici\u00f3n\u201d afirm\u00f3 la Lic. Silva, a cargo de la secretar\u00eda de Desarrollo Social y de quien dependen estos espacios.\u00a0<\/p>\n\n\n\n<p>Luego, Dematei, tambi\u00e9n destac\u00f3 que \u201cya son 7 los EPI que hemos hecho a nuevo en la ciudad, sumado a los jardines maternales\u201d y subray\u00f3 \u201cla verdad que los dispositivos que se est\u00e1n impulsando desde el Municipio en cuanto a la primera infancia son important\u00edsimo\u201d. &nbsp;&nbsp;<\/p>\n\n\n\n<p>&nbsp;Por \u00faltimo, Ustarroz, mencion\u00f3 que \u201cel cuidado de la ni\u00f1ez es una prioridad, con estos dispositivos, con el CETIM, Mil D\u00edas, la odontolog\u00eda, los controles sanitarios en las escuelas, el deporte y la cultura, Mercedes Aprende, con cada una de las herramientas que hemos desplegado sabiendo que, sin duda, estamos aportando a un futuro mejor\u201d sostuvo entre otros conceptos.<\/p>\n\n\n\n<p>A estos Espacios Primera Infancia asisten chicos de 1 a 3 a\u00f1os los cuales realizan actividades acordes a las edades y se ampl\u00eda a la cuesti\u00f3n asistencial, a lo educativo y a la salud. Los chicos desayunan y se llevan su vianda para almorzar. Tambi\u00e9n se trabaja con m\u00fasica, pl\u00e1stica, actividades psicomotrices y de inteligencia, pedagog\u00eda y nutrici\u00f3n.<\/p>\n","protected":false},"excerpt":{"rendered":"<p>El Municipio de Mercedes contin\u00faa de forma planificada y paulatina sosteniendo la construcci\u00f3n de diferentes edificios que sustentan e impulsan &#8230; <a title=\"Construyen EPI en Bo. Villa Industrial Este\" class=\"read-more\" href=\"https:\/\/www.hoymercedes.com.ar\/principal\/2019\/09\/15\/construyen-epi-en-bo-villa-industrial-este\/\" aria-label=\"Leer m\u00e1s sobre Construyen EPI en Bo. Villa Industrial Este\">Leer m\u00e1s<\/a><\/p>\n","protected":false},"author":1,"featured_media":99880,"comment_status":"closed","ping_status":"open","sticky":false,"template":"","format":"standard","meta":{"_monsterinsights_skip_tracking":false,"_monsterinsights_sitenote_active":false,"_monsterinsights_sitenote_note":"","_monsterinsights_sitenote_category":0,"jetpack_post_was_ever_published":false,"_jetpack_newsletter_access":"","_jetpack_dont_email_post_to_subs":false,"_jetpack_newsletter_tier_id":0,"_jetpack_memberships_contains_paywalled_content":false,"_jetpack_memberships_contains_paid_content":false,"footnotes":"","jetpack_publicize_message":"","jetpack_publicize_feature_enabled":true,"jetpack_social_post_already_shared":true,"jetpack_social_options":{"image_generator_settings":{"template":"highway","default_image_id":0,"font":"","enabled":false},"version":2},"_wpas_customize_per_network":false},"categories":[30],"tags":[870,11613,244],"class_list":["post-99879","post","type-post","status-publish","format-standard","has-post-thumbnail","hentry","category-municipio","tag-desarrollo-social","tag-epi","tag-municipio-2","generate-columns","tablet-grid-50","mobile-grid-100","grid-parent","grid-50"],"jetpack_publicize_connections":[],"jetpack_featured_media_url":"https:\/\/www.hoymercedes.com.ar\/principal\/wp-content\/uploads\/2019\/09\/15-epi-villa-industrial.jpg","wps_subtitle":"","jetpack_sharing_enabled":true,"_links":{"self":[{"href":"https:\/\/www.hoymercedes.com.ar\/principal\/wp-json\/wp\/v2\/posts\/99879","targetHints":{"allow":["GET"]}}],"collection":[{"href":"https:\/\/www.hoymercedes.com.ar\/principal\/wp-json\/wp\/v2\/posts"}],"about":[{"href":"https:\/\/www.hoymercedes.com.ar\/principal\/wp-json\/wp\/v2\/types\/post"}],"author":[{"embeddable":true,"href":"https:\/\/www.hoymercedes.com.ar\/principal\/wp-json\/wp\/v2\/users\/1"}],"replies":[{"embeddable":true,"href":"https:\/\/www.hoymercedes.com.ar\/principal\/wp-json\/wp\/v2\/comments?post=99879"}],"version-history":[{"count":0,"href":"https:\/\/www.hoymercedes.com.ar\/principal\/wp-json\/wp\/v2\/posts\/99879\/revisions"}],"wp:featuredmedia":[{"embeddable":true,"href":"https:\/\/www.hoymercedes.com.ar\/principal\/wp-json\/wp\/v2\/media\/99880"}],"wp:attachment":[{"href":"https:\/\/www.hoymercedes.com.ar\/principal\/wp-json\/wp\/v2\/media?parent=99879"}],"wp:term":[{"taxonomy":"category","embeddable":true,"href":"https:\/\/www.hoymercedes.com.ar\/principal\/wp-json\/wp\/v2\/categories?post=99879"},{"taxonomy":"post_tag","embeddable":true,"href":"https:\/\/www.hoymercedes.com.ar\/principal\/wp-json\/wp\/v2\/tags?post=99879"}],"curies":[{"name":"wp","href":"https:\/\/api.w.org\/{rel}","templated":true}]}}