{"id":99888,"date":"2019-09-16T11:46:40","date_gmt":"2019-09-16T14:46:40","guid":{"rendered":"http:\/\/www.hoymercedes.com.ar\/principal\/?p=99888"},"modified":"2019-09-16T16:02:00","modified_gmt":"2019-09-16T19:02:00","slug":"martina-swinnen-expondra-en-el-mamm","status":"publish","type":"post","link":"https:\/\/www.hoymercedes.com.ar\/principal\/2019\/09\/16\/martina-swinnen-expondra-en-el-mamm\/","title":{"rendered":"Martina Swinnen expondr\u00e1 en el MAMM"},"content":{"rendered":"\n<p>El viernes 20 de septiembre, 20 horas, se inaugura la muestra de la artista pl\u00e1stica, Martina Swinnen. La exposici\u00f3n se titula \u00abEste a\u00f1o\u00bb, y constituye una serie de obras con el estilo espont\u00e1neo y profundo de la juventud de Martina.\u00a0\u00a0<\/p>\n\n\n\n<figure class=\"wp-block-image\"><img loading=\"lazy\" decoding=\"async\" width=\"750\" height=\"500\" data-attachment-id=\"99889\" data-permalink=\"https:\/\/www.hoymercedes.com.ar\/principal\/2019\/09\/16\/martina-swinnen-expondra-en-el-mamm\/16-swinnen\/#main\" data-orig-file=\"https:\/\/www.hoymercedes.com.ar\/principal\/wp-content\/uploads\/2019\/09\/16-swinnen.jpg\" data-orig-size=\"750,500\" data-comments-opened=\"0\" data-image-meta=\"{&quot;aperture&quot;:&quot;0&quot;,&quot;credit&quot;:&quot;&quot;,&quot;camera&quot;:&quot;&quot;,&quot;caption&quot;:&quot;&quot;,&quot;created_timestamp&quot;:&quot;0&quot;,&quot;copyright&quot;:&quot;&quot;,&quot;focal_length&quot;:&quot;0&quot;,&quot;iso&quot;:&quot;0&quot;,&quot;shutter_speed&quot;:&quot;0&quot;,&quot;title&quot;:&quot;&quot;,&quot;orientation&quot;:&quot;0&quot;}\" data-image-title=\"16 swinnen\" data-image-description=\"\" data-image-caption=\"\" data-large-file=\"https:\/\/www.hoymercedes.com.ar\/principal\/wp-content\/uploads\/2019\/09\/16-swinnen.jpg\" src=\"https:\/\/www.hoymercedes.com.ar\/principal\/wp-content\/uploads\/2019\/09\/16-swinnen.jpg\" alt=\"\" class=\"wp-image-99889\" srcset=\"https:\/\/www.hoymercedes.com.ar\/principal\/wp-content\/uploads\/2019\/09\/16-swinnen.jpg 750w, https:\/\/www.hoymercedes.com.ar\/principal\/wp-content\/uploads\/2019\/09\/16-swinnen-150x100.jpg 150w, https:\/\/www.hoymercedes.com.ar\/principal\/wp-content\/uploads\/2019\/09\/16-swinnen-630x420.jpg 630w, https:\/\/www.hoymercedes.com.ar\/principal\/wp-content\/uploads\/2019\/09\/16-swinnen-720x480.jpg 720w, https:\/\/www.hoymercedes.com.ar\/principal\/wp-content\/uploads\/2019\/09\/16-swinnen-360x240.jpg 360w\" sizes=\"auto, (max-width: 750px) 100vw, 750px\" \/><\/figure>\n\n\n\n<p>\u00abDesde muy chiquita pint\u00e9, como muchos ni\u00f1@s. Mi pap\u00e1 siempre nos incentiv\u00f3 a dibujar, y tambi\u00e9n lo ve\u00edamos a \u00e9l. Cuando fui m\u00e1s grande no abandon\u00e9 el dibujo, a los trece o doce a\u00f1os empec\u00e9 a ir a el taller de Hueso Ricciardulli y el h\u00e1bito y los nuevos conocimientos\u00a0 afianzaron mi\u00a0inter\u00e9s\u00a0 quiz\u00e1s\u00bb, cont\u00f3 Martina en el recuerdo de sus primeros pasos en las artes siguiendo a su padre arquitecto. <\/p>\n\n\n\n<p>\u00abMe gusta pintar con acr\u00edlico, pero tambi\u00e9n con acuarela. Me da lo mismo el material a veces. Me gusta que se puedan deslizar y que el pigmento sea bueno, no me gustan los acr\u00edlicos de mala calidad\u00bb, agrega la joven artista.\u00a0<\/p>\n\n\n\n<p>\u00abMe gustan otras ramas mucho, me gusta escribir, la escritura es b\u00e1rbara&#8230; Ahora empec\u00e9 a estudiar piano.\u00a0Mi referente es Silvio Rodr\u00edguez por el momento, escucho en sus canciones algunas formas hermosas para pintar. Tambi\u00e9n escucho la pintura de mi prima Simona y tengo presente a Van Gohg\u00bb, ahonda sobre sus otras preferencias art\u00edsticas.\u00a0<\/p>\n\n\n\n<p>\u00abEn realidad empec\u00e9 a pintar sin motivo, hace unos a\u00f1os pintaba, pero a veces mi inspiraci\u00f3n se iba a los poemas o a algunas reflexiones, El a\u00f1o pasado empec\u00e9 a pintar lo que quiz\u00e1s me inspiraba escribir. Tambi\u00e9n este a\u00f1o me paso una vez o dos\u00a0 esto:\u00a0 me ven\u00eda a la mente una imagen y luego la trataba de reproducir en\u00a0 la pintura\u00bb, explica.\u00a0 <\/p>\n\n\n\n<p>\u00abAlgunas canciones tambi\u00e9n a veces trato de pintar, tambi\u00e9n\u00a0momentos o personas. Me gusta pintar a gente en bares o a gente haciendo algo.\u00a0<br>No s\u00e9 lo que es la pintura, estuve bastante en conflicto con ella porque me obsesione con comentarios de otra gente que dec\u00eda cosas que no me gustaban. La estoy investigando, espero dejar de faltarle el respeto\u00bb, agrega.\u00a0\u00a0<\/p>\n\n\n\n<p>La exposici\u00f3n de Martina abrir\u00e1 sus puertas el d\u00eda viernes 20 de septiembre en el Museo de Arte \u00abMunicipalidad de Mercedes\u00bb (calle 23 N\u00b0 383). Desde la hora 20, ser\u00e1 la inauguraci\u00f3n. <\/p>\n","protected":false},"excerpt":{"rendered":"<p>El viernes 20 de septiembre, 20 horas, se inaugura la muestra de la artista pl\u00e1stica, Martina Swinnen. La exposici\u00f3n se &#8230; <a title=\"Martina Swinnen expondr\u00e1 en el MAMM\" class=\"read-more\" href=\"https:\/\/www.hoymercedes.com.ar\/principal\/2019\/09\/16\/martina-swinnen-expondra-en-el-mamm\/\" aria-label=\"Leer m\u00e1s sobre Martina Swinnen expondr\u00e1 en el MAMM\">Leer m\u00e1s<\/a><\/p>\n","protected":false},"author":1,"featured_media":99889,"comment_status":"closed","ping_status":"open","sticky":false,"template":"","format":"standard","meta":{"_monsterinsights_skip_tracking":false,"_monsterinsights_sitenote_active":false,"_monsterinsights_sitenote_note":"","_monsterinsights_sitenote_category":0,"jetpack_post_was_ever_published":false,"_jetpack_newsletter_access":"","_jetpack_dont_email_post_to_subs":false,"_jetpack_newsletter_tier_id":0,"_jetpack_memberships_contains_paywalled_content":false,"_jetpack_memberships_contains_paid_content":false,"footnotes":"","jetpack_publicize_message":"","jetpack_publicize_feature_enabled":true,"jetpack_social_post_already_shared":true,"jetpack_social_options":{"image_generator_settings":{"template":"highway","default_image_id":0,"font":"","enabled":false},"version":2},"_wpas_customize_per_network":false},"categories":[104],"tags":[8890,7805,8674,12038],"class_list":["post-99888","post","type-post","status-publish","format-standard","has-post-thumbnail","hentry","category-cultura","tag-artes-plasticas","tag-cultura","tag-mamm","tag-martina-swinnen","generate-columns","tablet-grid-50","mobile-grid-100","grid-parent","grid-50"],"jetpack_publicize_connections":[],"jetpack_featured_media_url":"https:\/\/www.hoymercedes.com.ar\/principal\/wp-content\/uploads\/2019\/09\/16-swinnen.jpg","wps_subtitle":"Artes pl\u00e1sticas","jetpack_sharing_enabled":true,"_links":{"self":[{"href":"https:\/\/www.hoymercedes.com.ar\/principal\/wp-json\/wp\/v2\/posts\/99888","targetHints":{"allow":["GET"]}}],"collection":[{"href":"https:\/\/www.hoymercedes.com.ar\/principal\/wp-json\/wp\/v2\/posts"}],"about":[{"href":"https:\/\/www.hoymercedes.com.ar\/principal\/wp-json\/wp\/v2\/types\/post"}],"author":[{"embeddable":true,"href":"https:\/\/www.hoymercedes.com.ar\/principal\/wp-json\/wp\/v2\/users\/1"}],"replies":[{"embeddable":true,"href":"https:\/\/www.hoymercedes.com.ar\/principal\/wp-json\/wp\/v2\/comments?post=99888"}],"version-history":[{"count":0,"href":"https:\/\/www.hoymercedes.com.ar\/principal\/wp-json\/wp\/v2\/posts\/99888\/revisions"}],"wp:featuredmedia":[{"embeddable":true,"href":"https:\/\/www.hoymercedes.com.ar\/principal\/wp-json\/wp\/v2\/media\/99889"}],"wp:attachment":[{"href":"https:\/\/www.hoymercedes.com.ar\/principal\/wp-json\/wp\/v2\/media?parent=99888"}],"wp:term":[{"taxonomy":"category","embeddable":true,"href":"https:\/\/www.hoymercedes.com.ar\/principal\/wp-json\/wp\/v2\/categories?post=99888"},{"taxonomy":"post_tag","embeddable":true,"href":"https:\/\/www.hoymercedes.com.ar\/principal\/wp-json\/wp\/v2\/tags?post=99888"}],"curies":[{"name":"wp","href":"https:\/\/api.w.org\/{rel}","templated":true}]}}