{"id":99900,"date":"2019-09-16T21:52:12","date_gmt":"2019-09-17T00:52:12","guid":{"rendered":"http:\/\/www.hoymercedes.com.ar\/principal\/?p=99900"},"modified":"2019-09-17T09:17:32","modified_gmt":"2019-09-17T12:17:32","slug":"tres-efectivos-policiales-detenidos-por-incumplimiento-de-los-deberes-de-funcionario","status":"publish","type":"post","link":"https:\/\/www.hoymercedes.com.ar\/principal\/2019\/09\/16\/tres-efectivos-policiales-detenidos-por-incumplimiento-de-los-deberes-de-funcionario\/","title":{"rendered":"Tres efectivos policiales detenidos por incumplimiento de los deberes de funcionario"},"content":{"rendered":"\n<p>Tras una denuncia surgida en publicaciones period\u00edsticas de la localidad por el faltante de mercader\u00edas en el marco de un siniestro vial entre dos camiones d\u00edas pasados, se inici\u00f3 una investigaci\u00f3n a cargo de la Unidad Funcional de Instrucci\u00f3n y Juicio N\u00b0 6 Departamental, a cargo del doctor Luis Carcagno.<\/p>\n\n\n\n<figure class=\"wp-block-image\"><img loading=\"lazy\" decoding=\"async\" width=\"800\" height=\"533\" data-attachment-id=\"99903\" data-permalink=\"https:\/\/www.hoymercedes.com.ar\/principal\/2019\/09\/16\/tres-efectivos-policiales-detenidos-por-incumplimiento-de-los-deberes-de-funcionario\/16-poli-9dejulio3\/#main\" data-orig-file=\"https:\/\/www.hoymercedes.com.ar\/principal\/wp-content\/uploads\/2019\/09\/16-poli-9dejulio3.jpeg\" data-orig-size=\"800,533\" data-comments-opened=\"0\" data-image-meta=\"{&quot;aperture&quot;:&quot;0&quot;,&quot;credit&quot;:&quot;&quot;,&quot;camera&quot;:&quot;&quot;,&quot;caption&quot;:&quot;&quot;,&quot;created_timestamp&quot;:&quot;0&quot;,&quot;copyright&quot;:&quot;&quot;,&quot;focal_length&quot;:&quot;0&quot;,&quot;iso&quot;:&quot;0&quot;,&quot;shutter_speed&quot;:&quot;0&quot;,&quot;title&quot;:&quot;&quot;,&quot;orientation&quot;:&quot;0&quot;}\" data-image-title=\"16 poli 9dejulio3\" data-image-description=\"\" data-image-caption=\"\" data-large-file=\"https:\/\/www.hoymercedes.com.ar\/principal\/wp-content\/uploads\/2019\/09\/16-poli-9dejulio3.jpeg\" src=\"https:\/\/www.hoymercedes.com.ar\/principal\/wp-content\/uploads\/2019\/09\/16-poli-9dejulio3.jpeg\" alt=\"\" class=\"wp-image-99903\" srcset=\"https:\/\/www.hoymercedes.com.ar\/principal\/wp-content\/uploads\/2019\/09\/16-poli-9dejulio3.jpeg 800w, https:\/\/www.hoymercedes.com.ar\/principal\/wp-content\/uploads\/2019\/09\/16-poli-9dejulio3-150x100.jpeg 150w, https:\/\/www.hoymercedes.com.ar\/principal\/wp-content\/uploads\/2019\/09\/16-poli-9dejulio3-630x420.jpeg 630w, https:\/\/www.hoymercedes.com.ar\/principal\/wp-content\/uploads\/2019\/09\/16-poli-9dejulio3-720x480.jpeg 720w, https:\/\/www.hoymercedes.com.ar\/principal\/wp-content\/uploads\/2019\/09\/16-poli-9dejulio3-360x240.jpeg 360w\" sizes=\"auto, (max-width: 800px) 100vw, 800px\" \/><\/figure>\n\n\n\n<p>Seg\u00fan se pudo reconstruir, en las\nprimeras horas de la jornada del pasado 26 de agosto del corriente, en la ruta\nnacional N\u00b0 5 a la altura del kil\u00f3metro 287.500, partido de Nueve de Julio\nocurri\u00f3 un siniestro vial protagonizado por dos camiones (uno modelo Fiat Iveco\ny otro Mercedes Benz) y como consecuencia del mismo uno de los conductores\nperdi\u00f3 la vida.<\/p>\n\n\n\n<p>Como ocurre en situaciones de siniestros viales, mediante un llamado al sistema de emergencia 911 personal policial perteneciente a la localidad de Nueve de Julio tom\u00f3 conocimiento del hecho y se hizo presente en el lugar realizando los procedimientos de rigor. Uno de estos consist\u00eda en secuestrar y depositar la mercader\u00eda que llevaba uno de los camiones y que hab\u00eda quedado desparramada en el lugar a causa del impacto. En ese sentido, toda la carga quedaba en resguardo de la custodia de los uniformados.<\/p>\n\n\n\n<figure class=\"wp-block-image\"><img loading=\"lazy\" decoding=\"async\" width=\"800\" height=\"533\" data-attachment-id=\"99901\" data-permalink=\"https:\/\/www.hoymercedes.com.ar\/principal\/2019\/09\/16\/tres-efectivos-policiales-detenidos-por-incumplimiento-de-los-deberes-de-funcionario\/16-poli-9dejulio1\/#main\" data-orig-file=\"https:\/\/www.hoymercedes.com.ar\/principal\/wp-content\/uploads\/2019\/09\/16-poli-9dejulio1.jpeg\" data-orig-size=\"800,533\" data-comments-opened=\"0\" data-image-meta=\"{&quot;aperture&quot;:&quot;0&quot;,&quot;credit&quot;:&quot;&quot;,&quot;camera&quot;:&quot;&quot;,&quot;caption&quot;:&quot;&quot;,&quot;created_timestamp&quot;:&quot;0&quot;,&quot;copyright&quot;:&quot;&quot;,&quot;focal_length&quot;:&quot;0&quot;,&quot;iso&quot;:&quot;0&quot;,&quot;shutter_speed&quot;:&quot;0&quot;,&quot;title&quot;:&quot;&quot;,&quot;orientation&quot;:&quot;0&quot;}\" data-image-title=\"16 poli 9dejulio1\" data-image-description=\"\" data-image-caption=\"\" data-large-file=\"https:\/\/www.hoymercedes.com.ar\/principal\/wp-content\/uploads\/2019\/09\/16-poli-9dejulio1.jpeg\" src=\"https:\/\/www.hoymercedes.com.ar\/principal\/wp-content\/uploads\/2019\/09\/16-poli-9dejulio1.jpeg\" alt=\"\" class=\"wp-image-99901\" srcset=\"https:\/\/www.hoymercedes.com.ar\/principal\/wp-content\/uploads\/2019\/09\/16-poli-9dejulio1.jpeg 800w, https:\/\/www.hoymercedes.com.ar\/principal\/wp-content\/uploads\/2019\/09\/16-poli-9dejulio1-150x100.jpeg 150w, https:\/\/www.hoymercedes.com.ar\/principal\/wp-content\/uploads\/2019\/09\/16-poli-9dejulio1-630x420.jpeg 630w, https:\/\/www.hoymercedes.com.ar\/principal\/wp-content\/uploads\/2019\/09\/16-poli-9dejulio1-720x480.jpeg 720w, https:\/\/www.hoymercedes.com.ar\/principal\/wp-content\/uploads\/2019\/09\/16-poli-9dejulio1-360x240.jpeg 360w\" sizes=\"auto, (max-width: 800px) 100vw, 800px\" \/><\/figure>\n\n\n\n<p>Vale destacar que el veh\u00edculo\nFiat Iveco transportaba una numerosa cantidad de mercader\u00eda destinada a ser\nentregada a diversas cadenas de supermercados en la ciudad de Santa Rosa, La\nPampa, no habiendo realizado descarga previa de lo transportado.<\/p>\n\n\n\n<p>Parte de la mercader\u00eda fue\nsustra\u00edda por ocasionales transe\u00fantes que a\u00fan no pudieron ser individualizados.\n<\/p>\n\n\n\n<p>Para los investigadores estar\u00eda\nacreditado que, por un lado, hubo uniformados que \u2013 incumpliendo las leyes en\nejercicio de sus funciones \u2013 permitieron que los particulares que pasaban por\nel lugar as\u00ed como personal a su cargo se apoderaran ileg\u00edtimamente de\nmercader\u00eda que hab\u00eda quedado dispersa en el lugar y\/o en el interior del\nveh\u00edculo.<\/p>\n\n\n\n<p>En tanto, tres efectivos policiales\nque fueron identificados habr\u00edan trasladado bolsones y cajas de mercader\u00edas a\nla Estaci\u00f3n de Polic\u00eda Comunal de Nueve de Julio siendo captados por c\u00e1maras de\nseguridad en inmediaciones de la dependencia.<\/p>\n\n\n\n<p>Desde la UFIJ, tras recabar\nelementos de inter\u00e9s para la investigaci\u00f3n, solicit\u00f3 al Juzgado de Garant\u00edas N\u00b0\n1 a cargo del doctor Marcelo Romero una orden de allanamiento para cuatro\nobjetivos: la propia comisar\u00eda nuevejuliense y tres domicilios particulares.<\/p>\n\n\n\n<p>En conjunto con la Direcci\u00f3n\nGeneral de Asistencia Operacional de la Auditor\u00eda de Asuntos Internos del\nMinisterio de Seguridad de la provincia de Buenos Aires este lunes se\nefectivizaron los mismos y en el marco de facultades que le son propias, el\nfiscal orden\u00f3 dos allanamientos en otros domicilios particulares que dieron\nresultado positivo. Adem\u00e1s, en ese marco, se procedi\u00f3 a la aprehensi\u00f3n de tres\nefectivos policiales.<\/p>\n\n\n\n<p>Por el delito de \u201cIncumplimiento de los deberes de funcionario p\u00fablico y \u00a0peculado\u201d los tres aprehendidos comparecer\u00e1n el pr\u00f3ximo mi\u00e9rcoles ante el Fiscal de la U.F.I.J. N.\u00ba 6 en el marco de la audiencia de declaraci\u00f3n en los t\u00e9rminos del art. 308 del C\u00f3digo Procesal Penal.<\/p>\n\n\n\n<figure class=\"wp-block-image\"><img loading=\"lazy\" decoding=\"async\" width=\"800\" height=\"504\" data-attachment-id=\"99902\" data-permalink=\"https:\/\/www.hoymercedes.com.ar\/principal\/2019\/09\/16\/tres-efectivos-policiales-detenidos-por-incumplimiento-de-los-deberes-de-funcionario\/16-poli-9dejulio2\/#main\" data-orig-file=\"https:\/\/www.hoymercedes.com.ar\/principal\/wp-content\/uploads\/2019\/09\/16-poli-9dejulio2.jpeg\" data-orig-size=\"800,504\" data-comments-opened=\"0\" data-image-meta=\"{&quot;aperture&quot;:&quot;0&quot;,&quot;credit&quot;:&quot;&quot;,&quot;camera&quot;:&quot;&quot;,&quot;caption&quot;:&quot;&quot;,&quot;created_timestamp&quot;:&quot;0&quot;,&quot;copyright&quot;:&quot;&quot;,&quot;focal_length&quot;:&quot;0&quot;,&quot;iso&quot;:&quot;0&quot;,&quot;shutter_speed&quot;:&quot;0&quot;,&quot;title&quot;:&quot;&quot;,&quot;orientation&quot;:&quot;0&quot;}\" data-image-title=\"16 poli 9dejulio2\" data-image-description=\"\" data-image-caption=\"\" data-large-file=\"https:\/\/www.hoymercedes.com.ar\/principal\/wp-content\/uploads\/2019\/09\/16-poli-9dejulio2.jpeg\" src=\"https:\/\/www.hoymercedes.com.ar\/principal\/wp-content\/uploads\/2019\/09\/16-poli-9dejulio2.jpeg\" alt=\"\" class=\"wp-image-99902\" srcset=\"https:\/\/www.hoymercedes.com.ar\/principal\/wp-content\/uploads\/2019\/09\/16-poli-9dejulio2.jpeg 800w, https:\/\/www.hoymercedes.com.ar\/principal\/wp-content\/uploads\/2019\/09\/16-poli-9dejulio2-150x95.jpeg 150w, https:\/\/www.hoymercedes.com.ar\/principal\/wp-content\/uploads\/2019\/09\/16-poli-9dejulio2-630x397.jpeg 630w\" sizes=\"auto, (max-width: 800px) 100vw, 800px\" \/><\/figure>\n\n\n\n<p>De acuerdo a lo que pudo\nconocerse, nueve efectivos \u2013 contando los aprehendidos &#8211; se encuentran\ndesafectados en el marco de la investigaci\u00f3n que se desarrolla para determinar\nsu participaci\u00f3n en este delito.<\/p>\n","protected":false},"excerpt":{"rendered":"<p>Tras una denuncia surgida en publicaciones period\u00edsticas de la localidad por el faltante de mercader\u00edas en el marco de un &#8230; <a title=\"Tres efectivos policiales detenidos por incumplimiento de los deberes de funcionario\" class=\"read-more\" href=\"https:\/\/www.hoymercedes.com.ar\/principal\/2019\/09\/16\/tres-efectivos-policiales-detenidos-por-incumplimiento-de-los-deberes-de-funcionario\/\" aria-label=\"Leer m\u00e1s sobre Tres efectivos policiales detenidos por incumplimiento de los deberes de funcionario\">Leer m\u00e1s<\/a><\/p>\n","protected":false},"author":1,"featured_media":99902,"comment_status":"closed","ping_status":"open","sticky":false,"template":"","format":"standard","meta":{"_monsterinsights_skip_tracking":false,"_monsterinsights_sitenote_active":false,"_monsterinsights_sitenote_note":"","_monsterinsights_sitenote_category":0,"jetpack_post_was_ever_published":false,"_jetpack_newsletter_access":"","_jetpack_dont_email_post_to_subs":false,"_jetpack_newsletter_tier_id":0,"_jetpack_memberships_contains_paywalled_content":false,"_jetpack_memberships_contains_paid_content":false,"footnotes":"","jetpack_publicize_message":"","jetpack_publicize_feature_enabled":true,"jetpack_social_post_already_shared":true,"jetpack_social_options":{"image_generator_settings":{"template":"highway","default_image_id":0,"font":"","enabled":false},"version":2},"_wpas_customize_per_network":false},"categories":[85],"tags":[2467,3457,1057],"class_list":["post-99900","post","type-post","status-publish","format-standard","has-post-thumbnail","hentry","category-policial","tag-9-de-julio","tag-policiales","tag-regional","generate-columns","tablet-grid-50","mobile-grid-100","grid-parent","grid-50"],"jetpack_publicize_connections":[],"jetpack_featured_media_url":"https:\/\/www.hoymercedes.com.ar\/principal\/wp-content\/uploads\/2019\/09\/16-poli-9dejulio2.jpeg","wps_subtitle":"En 9 de Julio","jetpack_sharing_enabled":true,"_links":{"self":[{"href":"https:\/\/www.hoymercedes.com.ar\/principal\/wp-json\/wp\/v2\/posts\/99900","targetHints":{"allow":["GET"]}}],"collection":[{"href":"https:\/\/www.hoymercedes.com.ar\/principal\/wp-json\/wp\/v2\/posts"}],"about":[{"href":"https:\/\/www.hoymercedes.com.ar\/principal\/wp-json\/wp\/v2\/types\/post"}],"author":[{"embeddable":true,"href":"https:\/\/www.hoymercedes.com.ar\/principal\/wp-json\/wp\/v2\/users\/1"}],"replies":[{"embeddable":true,"href":"https:\/\/www.hoymercedes.com.ar\/principal\/wp-json\/wp\/v2\/comments?post=99900"}],"version-history":[{"count":0,"href":"https:\/\/www.hoymercedes.com.ar\/principal\/wp-json\/wp\/v2\/posts\/99900\/revisions"}],"wp:featuredmedia":[{"embeddable":true,"href":"https:\/\/www.hoymercedes.com.ar\/principal\/wp-json\/wp\/v2\/media\/99902"}],"wp:attachment":[{"href":"https:\/\/www.hoymercedes.com.ar\/principal\/wp-json\/wp\/v2\/media?parent=99900"}],"wp:term":[{"taxonomy":"category","embeddable":true,"href":"https:\/\/www.hoymercedes.com.ar\/principal\/wp-json\/wp\/v2\/categories?post=99900"},{"taxonomy":"post_tag","embeddable":true,"href":"https:\/\/www.hoymercedes.com.ar\/principal\/wp-json\/wp\/v2\/tags?post=99900"}],"curies":[{"name":"wp","href":"https:\/\/api.w.org\/{rel}","templated":true}]}}