{"id":99906,"date":"2019-09-17T07:10:43","date_gmt":"2019-09-17T10:10:43","guid":{"rendered":"http:\/\/www.hoymercedes.com.ar\/principal\/?p=99906"},"modified":"2019-09-17T09:17:11","modified_gmt":"2019-09-17T12:17:11","slug":"conmemoraron-la-noche-de-los-lapices","status":"publish","type":"post","link":"https:\/\/www.hoymercedes.com.ar\/principal\/2019\/09\/17\/conmemoraron-la-noche-de-los-lapices\/","title":{"rendered":"Conmemoraron La Noche de los L\u00e1pices"},"content":{"rendered":"\n<p>J\u00f3venes estudiantes mercedinos participaron de un encuentro ante un nuevo aniversario de la \u201cNoche de los L\u00e1pices\u201d. Con m\u00fasica, reflexi\u00f3n y una instalaci\u00f3n de l\u00e1pices en la Plaza San Mart\u00edn. <\/p>\n\n\n\n<figure class=\"wp-block-image\"><img loading=\"lazy\" decoding=\"async\" width=\"800\" height=\"533\" data-attachment-id=\"99907\" data-permalink=\"https:\/\/www.hoymercedes.com.ar\/principal\/2019\/09\/17\/conmemoraron-la-noche-de-los-lapices\/16-lapices-1\/#main\" data-orig-file=\"https:\/\/www.hoymercedes.com.ar\/principal\/wp-content\/uploads\/2019\/09\/16-lapices-1.jpg\" data-orig-size=\"800,533\" data-comments-opened=\"0\" data-image-meta=\"{&quot;aperture&quot;:&quot;0&quot;,&quot;credit&quot;:&quot;&quot;,&quot;camera&quot;:&quot;&quot;,&quot;caption&quot;:&quot;&quot;,&quot;created_timestamp&quot;:&quot;0&quot;,&quot;copyright&quot;:&quot;&quot;,&quot;focal_length&quot;:&quot;0&quot;,&quot;iso&quot;:&quot;0&quot;,&quot;shutter_speed&quot;:&quot;0&quot;,&quot;title&quot;:&quot;&quot;,&quot;orientation&quot;:&quot;0&quot;}\" data-image-title=\"16 lapices 1\" data-image-description=\"\" data-image-caption=\"\" data-large-file=\"https:\/\/www.hoymercedes.com.ar\/principal\/wp-content\/uploads\/2019\/09\/16-lapices-1.jpg\" src=\"https:\/\/www.hoymercedes.com.ar\/principal\/wp-content\/uploads\/2019\/09\/16-lapices-1.jpg\" alt=\"\" class=\"wp-image-99907\" srcset=\"https:\/\/www.hoymercedes.com.ar\/principal\/wp-content\/uploads\/2019\/09\/16-lapices-1.jpg 800w, https:\/\/www.hoymercedes.com.ar\/principal\/wp-content\/uploads\/2019\/09\/16-lapices-1-150x100.jpg 150w, https:\/\/www.hoymercedes.com.ar\/principal\/wp-content\/uploads\/2019\/09\/16-lapices-1-630x420.jpg 630w, https:\/\/www.hoymercedes.com.ar\/principal\/wp-content\/uploads\/2019\/09\/16-lapices-1-720x480.jpg 720w, https:\/\/www.hoymercedes.com.ar\/principal\/wp-content\/uploads\/2019\/09\/16-lapices-1-360x240.jpg 360w\" sizes=\"auto, (max-width: 800px) 100vw, 800px\" \/><\/figure>\n\n\n\n<p>La actividad estuvo organizada por las coordinaciones municipales de Derechos Humanos y Juventud para los estudiantes que participan el programa provincial J\u00f3venes y Memoria. <\/p>\n\n\n\n<p>Del acto estuvieron presentes, el intendente Juan Ignacio Ustarroz, el diputado provincial Santiago R\u00e9vora, el Coordinador de Derechos Humanos de la Municipalidad de Mercedes, Sergio Carini, autoridades educativas, ediles y funcionarios.<\/p>\n\n\n\n<figure class=\"wp-block-image\"><img loading=\"lazy\" decoding=\"async\" width=\"799\" height=\"533\" data-attachment-id=\"99908\" data-permalink=\"https:\/\/www.hoymercedes.com.ar\/principal\/2019\/09\/17\/conmemoraron-la-noche-de-los-lapices\/16-lapices-2\/#main\" data-orig-file=\"https:\/\/www.hoymercedes.com.ar\/principal\/wp-content\/uploads\/2019\/09\/16-lapices-2.jpg\" data-orig-size=\"799,533\" data-comments-opened=\"0\" data-image-meta=\"{&quot;aperture&quot;:&quot;0&quot;,&quot;credit&quot;:&quot;&quot;,&quot;camera&quot;:&quot;&quot;,&quot;caption&quot;:&quot;&quot;,&quot;created_timestamp&quot;:&quot;0&quot;,&quot;copyright&quot;:&quot;&quot;,&quot;focal_length&quot;:&quot;0&quot;,&quot;iso&quot;:&quot;0&quot;,&quot;shutter_speed&quot;:&quot;0&quot;,&quot;title&quot;:&quot;&quot;,&quot;orientation&quot;:&quot;0&quot;}\" data-image-title=\"16 lapices 2\" data-image-description=\"\" data-image-caption=\"\" data-large-file=\"https:\/\/www.hoymercedes.com.ar\/principal\/wp-content\/uploads\/2019\/09\/16-lapices-2.jpg\" src=\"https:\/\/www.hoymercedes.com.ar\/principal\/wp-content\/uploads\/2019\/09\/16-lapices-2.jpg\" alt=\"\" class=\"wp-image-99908\" srcset=\"https:\/\/www.hoymercedes.com.ar\/principal\/wp-content\/uploads\/2019\/09\/16-lapices-2.jpg 799w, https:\/\/www.hoymercedes.com.ar\/principal\/wp-content\/uploads\/2019\/09\/16-lapices-2-150x100.jpg 150w, https:\/\/www.hoymercedes.com.ar\/principal\/wp-content\/uploads\/2019\/09\/16-lapices-2-630x420.jpg 630w, https:\/\/www.hoymercedes.com.ar\/principal\/wp-content\/uploads\/2019\/09\/16-lapices-2-720x480.jpg 720w, https:\/\/www.hoymercedes.com.ar\/principal\/wp-content\/uploads\/2019\/09\/16-lapices-2-360x240.jpg 360w\" sizes=\"auto, (max-width: 799px) 100vw, 799px\" \/><\/figure>\n","protected":false},"excerpt":{"rendered":"<p>J\u00f3venes estudiantes mercedinos participaron de un encuentro ante un nuevo aniversario de la \u201cNoche de los L\u00e1pices\u201d. Con m\u00fasica, reflexi\u00f3n &#8230; <a title=\"Conmemoraron La Noche de los L\u00e1pices\" class=\"read-more\" href=\"https:\/\/www.hoymercedes.com.ar\/principal\/2019\/09\/17\/conmemoraron-la-noche-de-los-lapices\/\" aria-label=\"Leer m\u00e1s sobre Conmemoraron La Noche de los L\u00e1pices\">Leer m\u00e1s<\/a><\/p>\n","protected":false},"author":1,"featured_media":99908,"comment_status":"closed","ping_status":"open","sticky":false,"template":"","format":"standard","meta":{"_monsterinsights_skip_tracking":false,"_monsterinsights_sitenote_active":false,"_monsterinsights_sitenote_note":"","_monsterinsights_sitenote_category":0,"jetpack_post_was_ever_published":false,"_jetpack_newsletter_access":"","_jetpack_dont_email_post_to_subs":false,"_jetpack_newsletter_tier_id":0,"_jetpack_memberships_contains_paywalled_content":false,"_jetpack_memberships_contains_paid_content":false,"footnotes":"","jetpack_publicize_message":"","jetpack_publicize_feature_enabled":true,"jetpack_social_post_already_shared":false,"jetpack_social_options":{"image_generator_settings":{"template":"highway","default_image_id":0,"font":"","enabled":false},"version":2},"_wpas_customize_per_network":false},"categories":[30],"tags":[615,47,244,3888],"class_list":["post-99906","post","type-post","status-publish","format-standard","has-post-thumbnail","hentry","category-municipio","tag-derechos-humanos","tag-educacion-2","tag-municipio-2","tag-noche-de-los-lapices","generate-columns","tablet-grid-50","mobile-grid-100","grid-parent","grid-50"],"jetpack_publicize_connections":[],"jetpack_featured_media_url":"https:\/\/www.hoymercedes.com.ar\/principal\/wp-content\/uploads\/2019\/09\/16-lapices-2.jpg","wps_subtitle":"En la ma\u00f1ana del lunes","jetpack_sharing_enabled":true,"_links":{"self":[{"href":"https:\/\/www.hoymercedes.com.ar\/principal\/wp-json\/wp\/v2\/posts\/99906","targetHints":{"allow":["GET"]}}],"collection":[{"href":"https:\/\/www.hoymercedes.com.ar\/principal\/wp-json\/wp\/v2\/posts"}],"about":[{"href":"https:\/\/www.hoymercedes.com.ar\/principal\/wp-json\/wp\/v2\/types\/post"}],"author":[{"embeddable":true,"href":"https:\/\/www.hoymercedes.com.ar\/principal\/wp-json\/wp\/v2\/users\/1"}],"replies":[{"embeddable":true,"href":"https:\/\/www.hoymercedes.com.ar\/principal\/wp-json\/wp\/v2\/comments?post=99906"}],"version-history":[{"count":0,"href":"https:\/\/www.hoymercedes.com.ar\/principal\/wp-json\/wp\/v2\/posts\/99906\/revisions"}],"wp:featuredmedia":[{"embeddable":true,"href":"https:\/\/www.hoymercedes.com.ar\/principal\/wp-json\/wp\/v2\/media\/99908"}],"wp:attachment":[{"href":"https:\/\/www.hoymercedes.com.ar\/principal\/wp-json\/wp\/v2\/media?parent=99906"}],"wp:term":[{"taxonomy":"category","embeddable":true,"href":"https:\/\/www.hoymercedes.com.ar\/principal\/wp-json\/wp\/v2\/categories?post=99906"},{"taxonomy":"post_tag","embeddable":true,"href":"https:\/\/www.hoymercedes.com.ar\/principal\/wp-json\/wp\/v2\/tags?post=99906"}],"curies":[{"name":"wp","href":"https:\/\/api.w.org\/{rel}","templated":true}]}}