{"id":99925,"date":"2019-09-17T12:13:47","date_gmt":"2019-09-17T15:13:47","guid":{"rendered":"http:\/\/www.hoymercedes.com.ar\/principal\/?p=99925"},"modified":"2019-09-17T19:05:48","modified_gmt":"2019-09-17T22:05:48","slug":"escritores-de-sade-mercedes-destacados-en-congreso","status":"publish","type":"post","link":"https:\/\/www.hoymercedes.com.ar\/principal\/2019\/09\/17\/escritores-de-sade-mercedes-destacados-en-congreso\/","title":{"rendered":"Escritores de SADE Mercedes destacados en congreso"},"content":{"rendered":"\n<p>Los d\u00edas 14 y 15 de setiembre, dos miembros de SADE Mercedes, Jorge Citr\u00e1ngolo y Juan Manuel Bories Maxwell, fueron destacados en el XII Congreso Internacional de Escritores del Mercosur. All\u00ed, tuvieron la oportunidad de presentar libros publicados y editados por escritores de Mercedes.<\/p>\n\n\n\n<p>En la localidad de Gualeguaych\u00fa, Entre R\u00edos, el Congreso presidido por Zulma Nicolini Rollano (SADE Gualeguaych\u00fa) y Dr. Ernesto Fern\u00e1ndez N\u00fa\u00f1ez (SADE Buenos Aires) reconoci\u00f3 a la delegaci\u00f3n mercedina que particip\u00f3 presentado el libro \u00abSue\u00f1os de un cualquiera\u00bb y el diario \u00abDe Caudillos y Santos\u00bb de Bories, \u00abDel humor al amor\u00bb de Mar\u00eda Rosa Ar\u00e9valo y la \u00abAntolog\u00eda Dorada Invernal 2019 en dos tomos\u00bb dirigida y editada por Citr\u00e1ngolo con obras de 56 autores de todo el pa\u00eds. <\/p>\n\n\n\n<p>Bories fue reconocido por su libro, mientras que Citr\u00e1ngolo recibi\u00f3 por parte de las autoridades la distinci\u00f3n especial del Mercosur por su trayectoria cultural ante sus a\u00f1os como cineasta, escritor y gestor cultural. <\/p>\n\n\n\n<p>A su vez, los escritores Zulma Nicolini y Dr. Luis Castillo de esa localidad entrerriana, recibieron por parte de SADE Mercedes el Gran Premio Internacional de Literatura \u00abJos\u00e9 Hern\u00e1ndez\u00bb por el libro \u00abPor el mar rumbo a la historia argentina\u00bb. <\/p>\n\n\n\n<p>Asimismo, durante las jornadas, la delegaci\u00f3n de Mercedes concurri\u00f3 a la casa del c\u00e9lebre poeta Olegario Andrade donde tuvieron una recepci\u00f3n por \u00abGente de Letras\u00bb del m\u00e1s alto nivel cultural. <\/p>\n\n\n\n<figure class=\"wp-block-image\"><img loading=\"lazy\" decoding=\"async\" width=\"750\" height=\"500\" data-attachment-id=\"99926\" data-permalink=\"https:\/\/www.hoymercedes.com.ar\/principal\/2019\/09\/17\/escritores-de-sade-mercedes-destacados-en-congreso\/17-sade-mercedes\/#main\" data-orig-file=\"https:\/\/www.hoymercedes.com.ar\/principal\/wp-content\/uploads\/2019\/09\/17-sade-mercedes.jpg\" data-orig-size=\"750,500\" data-comments-opened=\"0\" data-image-meta=\"{&quot;aperture&quot;:&quot;0&quot;,&quot;credit&quot;:&quot;&quot;,&quot;camera&quot;:&quot;&quot;,&quot;caption&quot;:&quot;&quot;,&quot;created_timestamp&quot;:&quot;0&quot;,&quot;copyright&quot;:&quot;&quot;,&quot;focal_length&quot;:&quot;0&quot;,&quot;iso&quot;:&quot;0&quot;,&quot;shutter_speed&quot;:&quot;0&quot;,&quot;title&quot;:&quot;&quot;,&quot;orientation&quot;:&quot;0&quot;}\" data-image-title=\"17 sade mercedes\" data-image-description=\"\" data-image-caption=\"\" data-large-file=\"https:\/\/www.hoymercedes.com.ar\/principal\/wp-content\/uploads\/2019\/09\/17-sade-mercedes.jpg\" src=\"https:\/\/www.hoymercedes.com.ar\/principal\/wp-content\/uploads\/2019\/09\/17-sade-mercedes.jpg\" alt=\"\" class=\"wp-image-99926\" srcset=\"https:\/\/www.hoymercedes.com.ar\/principal\/wp-content\/uploads\/2019\/09\/17-sade-mercedes.jpg 750w, https:\/\/www.hoymercedes.com.ar\/principal\/wp-content\/uploads\/2019\/09\/17-sade-mercedes-150x100.jpg 150w, https:\/\/www.hoymercedes.com.ar\/principal\/wp-content\/uploads\/2019\/09\/17-sade-mercedes-630x420.jpg 630w, https:\/\/www.hoymercedes.com.ar\/principal\/wp-content\/uploads\/2019\/09\/17-sade-mercedes-720x480.jpg 720w, https:\/\/www.hoymercedes.com.ar\/principal\/wp-content\/uploads\/2019\/09\/17-sade-mercedes-360x240.jpg 360w\" sizes=\"auto, (max-width: 750px) 100vw, 750px\" \/><\/figure>\n","protected":false},"excerpt":{"rendered":"<p>Los d\u00edas 14 y 15 de setiembre, dos miembros de SADE Mercedes, Jorge Citr\u00e1ngolo y Juan Manuel Bories Maxwell, fueron &#8230; <a title=\"Escritores de SADE Mercedes destacados en congreso\" class=\"read-more\" href=\"https:\/\/www.hoymercedes.com.ar\/principal\/2019\/09\/17\/escritores-de-sade-mercedes-destacados-en-congreso\/\" aria-label=\"Leer m\u00e1s sobre Escritores de SADE Mercedes destacados en congreso\">Leer m\u00e1s<\/a><\/p>\n","protected":false},"author":1,"featured_media":99926,"comment_status":"closed","ping_status":"open","sticky":false,"template":"","format":"standard","meta":{"_monsterinsights_skip_tracking":false,"_monsterinsights_sitenote_active":false,"_monsterinsights_sitenote_note":"","_monsterinsights_sitenote_category":0,"jetpack_post_was_ever_published":false,"_jetpack_newsletter_access":"","_jetpack_dont_email_post_to_subs":false,"_jetpack_newsletter_tier_id":0,"_jetpack_memberships_contains_paywalled_content":false,"_jetpack_memberships_contains_paid_content":false,"footnotes":"","jetpack_publicize_message":"","jetpack_publicize_feature_enabled":true,"jetpack_social_post_already_shared":true,"jetpack_social_options":{"image_generator_settings":{"template":"highway","default_image_id":0,"font":"","enabled":false},"version":2},"_wpas_customize_per_network":false},"categories":[104],"tags":[7805,14907,5148],"class_list":["post-99925","post","type-post","status-publish","format-standard","has-post-thumbnail","hentry","category-cultura","tag-cultura","tag-escritores","tag-sade-mercedes","generate-columns","tablet-grid-50","mobile-grid-100","grid-parent","grid-50"],"jetpack_publicize_connections":[],"jetpack_featured_media_url":"https:\/\/www.hoymercedes.com.ar\/principal\/wp-content\/uploads\/2019\/09\/17-sade-mercedes.jpg","wps_subtitle":"En Entre R\u00edos","jetpack_sharing_enabled":true,"_links":{"self":[{"href":"https:\/\/www.hoymercedes.com.ar\/principal\/wp-json\/wp\/v2\/posts\/99925","targetHints":{"allow":["GET"]}}],"collection":[{"href":"https:\/\/www.hoymercedes.com.ar\/principal\/wp-json\/wp\/v2\/posts"}],"about":[{"href":"https:\/\/www.hoymercedes.com.ar\/principal\/wp-json\/wp\/v2\/types\/post"}],"author":[{"embeddable":true,"href":"https:\/\/www.hoymercedes.com.ar\/principal\/wp-json\/wp\/v2\/users\/1"}],"replies":[{"embeddable":true,"href":"https:\/\/www.hoymercedes.com.ar\/principal\/wp-json\/wp\/v2\/comments?post=99925"}],"version-history":[{"count":0,"href":"https:\/\/www.hoymercedes.com.ar\/principal\/wp-json\/wp\/v2\/posts\/99925\/revisions"}],"wp:featuredmedia":[{"embeddable":true,"href":"https:\/\/www.hoymercedes.com.ar\/principal\/wp-json\/wp\/v2\/media\/99926"}],"wp:attachment":[{"href":"https:\/\/www.hoymercedes.com.ar\/principal\/wp-json\/wp\/v2\/media?parent=99925"}],"wp:term":[{"taxonomy":"category","embeddable":true,"href":"https:\/\/www.hoymercedes.com.ar\/principal\/wp-json\/wp\/v2\/categories?post=99925"},{"taxonomy":"post_tag","embeddable":true,"href":"https:\/\/www.hoymercedes.com.ar\/principal\/wp-json\/wp\/v2\/tags?post=99925"}],"curies":[{"name":"wp","href":"https:\/\/api.w.org\/{rel}","templated":true}]}}