{"id":99989,"date":"2019-09-18T19:48:10","date_gmt":"2019-09-18T22:48:10","guid":{"rendered":"http:\/\/www.hoymercedes.com.ar\/principal\/?p=99989"},"modified":"2019-09-18T19:52:47","modified_gmt":"2019-09-18T22:52:47","slug":"todos-los-datos-tras-un-nuevo-triunfo-de-claudio-cirone-en-el-cruce-ciudad-de-mercedes-galeria-de-fotos","status":"publish","type":"post","link":"https:\/\/www.hoymercedes.com.ar\/principal\/2019\/09\/18\/todos-los-datos-tras-un-nuevo-triunfo-de-claudio-cirone-en-el-cruce-ciudad-de-mercedes-galeria-de-fotos\/","title":{"rendered":"Todos los datos tras un nuevo triunfo de Claudio Cirone en el Cruce Ciudad de Mercedes (Galer\u00eda de fotos)"},"content":{"rendered":"\n<p><strong>Foto: Emmanuel Badano.<\/strong> El navarrense logr\u00f3 nuevamente ganar los 8 General 8 K de Mercedes,\u00a0 el domingo por la ma\u00f1ana. Cirone se mostr\u00f3 muy contento con su actuaci\u00f3n,\u00a0 ya que estuvo un tiempo parado y hoy corri\u00f3 muy bien.<\/p>\n\n\n\n<figure class=\"wp-block-image\"><img loading=\"lazy\" decoding=\"async\" width=\"1024\" height=\"717\" data-attachment-id=\"99990\" data-permalink=\"https:\/\/www.hoymercedes.com.ar\/principal\/2019\/09\/18\/todos-los-datos-tras-un-nuevo-triunfo-de-claudio-cirone-en-el-cruce-ciudad-de-mercedes-galeria-de-fotos\/dsc_0190_ganador_gral_hombres\/#main\" data-orig-file=\"https:\/\/www.hoymercedes.com.ar\/principal\/wp-content\/uploads\/2019\/09\/DSC_0190_ganador_gral_hombres.jpg\" data-orig-size=\"1250,875\" data-comments-opened=\"0\" data-image-meta=\"{&quot;aperture&quot;:&quot;0&quot;,&quot;credit&quot;:&quot;&quot;,&quot;camera&quot;:&quot;&quot;,&quot;caption&quot;:&quot;&quot;,&quot;created_timestamp&quot;:&quot;0&quot;,&quot;copyright&quot;:&quot;Emmanuel Badano&quot;,&quot;focal_length&quot;:&quot;0&quot;,&quot;iso&quot;:&quot;0&quot;,&quot;shutter_speed&quot;:&quot;0&quot;,&quot;title&quot;:&quot;&quot;,&quot;orientation&quot;:&quot;0&quot;}\" data-image-title=\"DSC_0190_ganador_gral_hombres\" data-image-description=\"\" data-image-caption=\"\" data-large-file=\"https:\/\/www.hoymercedes.com.ar\/principal\/wp-content\/uploads\/2019\/09\/DSC_0190_ganador_gral_hombres-1024x717.jpg\" src=\"https:\/\/www.hoymercedes.com.ar\/principal\/wp-content\/uploads\/2019\/09\/DSC_0190_ganador_gral_hombres-1024x717.jpg\" alt=\"\" class=\"wp-image-99990\" srcset=\"https:\/\/www.hoymercedes.com.ar\/principal\/wp-content\/uploads\/2019\/09\/DSC_0190_ganador_gral_hombres-1024x717.jpg 1024w, https:\/\/www.hoymercedes.com.ar\/principal\/wp-content\/uploads\/2019\/09\/DSC_0190_ganador_gral_hombres-150x105.jpg 150w, https:\/\/www.hoymercedes.com.ar\/principal\/wp-content\/uploads\/2019\/09\/DSC_0190_ganador_gral_hombres-630x441.jpg 630w, https:\/\/www.hoymercedes.com.ar\/principal\/wp-content\/uploads\/2019\/09\/DSC_0190_ganador_gral_hombres.jpg 1250w\" sizes=\"auto, (max-width: 1024px) 100vw, 1024px\" \/><\/figure>\n\n\n\n<p>Compitieron aproximadamente 700 atletas y nuestro pueblo fue representado por Claudio Cirone, Rub\u00e9n Garay y Horacio Navarro.<br>Claudio fue el ganador absoluto de la prueba siendo su 8va victoria del historial de la competencia y quedando como el m\u00e1s ganador de la prueba ciudad de Mercedes.<\/p>\n\n\n\n<figure class=\"wp-block-image\"><img loading=\"lazy\" decoding=\"async\" width=\"665\" height=\"950\" data-attachment-id=\"99991\" data-permalink=\"https:\/\/www.hoymercedes.com.ar\/principal\/2019\/09\/18\/todos-los-datos-tras-un-nuevo-triunfo-de-claudio-cirone-en-el-cruce-ciudad-de-mercedes-galeria-de-fotos\/dsc_0186_ganadora_gral_mujeres\/#main\" data-orig-file=\"https:\/\/www.hoymercedes.com.ar\/principal\/wp-content\/uploads\/2019\/09\/DSC_0186_ganadora_gral_mujeres.jpg\" data-orig-size=\"665,950\" data-comments-opened=\"0\" data-image-meta=\"{&quot;aperture&quot;:&quot;0&quot;,&quot;credit&quot;:&quot;&quot;,&quot;camera&quot;:&quot;&quot;,&quot;caption&quot;:&quot;&quot;,&quot;created_timestamp&quot;:&quot;0&quot;,&quot;copyright&quot;:&quot;Emmanuel Badano&quot;,&quot;focal_length&quot;:&quot;0&quot;,&quot;iso&quot;:&quot;0&quot;,&quot;shutter_speed&quot;:&quot;0&quot;,&quot;title&quot;:&quot;&quot;,&quot;orientation&quot;:&quot;0&quot;}\" data-image-title=\"DSC_0186_ganadora_gral_mujeres\" data-image-description=\"\" data-image-caption=\"\" data-large-file=\"https:\/\/www.hoymercedes.com.ar\/principal\/wp-content\/uploads\/2019\/09\/DSC_0186_ganadora_gral_mujeres.jpg\" src=\"https:\/\/www.hoymercedes.com.ar\/principal\/wp-content\/uploads\/2019\/09\/DSC_0186_ganadora_gral_mujeres.jpg\" alt=\"\" class=\"wp-image-99991\" srcset=\"https:\/\/www.hoymercedes.com.ar\/principal\/wp-content\/uploads\/2019\/09\/DSC_0186_ganadora_gral_mujeres.jpg 665w, https:\/\/www.hoymercedes.com.ar\/principal\/wp-content\/uploads\/2019\/09\/DSC_0186_ganadora_gral_mujeres-105x150.jpg 105w, https:\/\/www.hoymercedes.com.ar\/principal\/wp-content\/uploads\/2019\/09\/DSC_0186_ganadora_gral_mujeres-434x620.jpg 434w\" sizes=\"auto, (max-width: 665px) 100vw, 665px\" \/><\/figure>\n\n\n\n<p>Tambi\u00e9n Rub\u00e9n y Horacio Navarro hicieron muy buena competencia.<br>Claudio agradece a su familia por el apoyo de siempre a Navagan y Omar Etcheverry,\u00a0 al se\u00f1or intendente municipal, al director de Deportes Jorge D\u00edz y a la Disecci\u00f3n de Deportes, y a todos los medios de comunicaci\u00f3n.<\/p>\n\n\n\n<p><strong>General 4 k<br>Caballeros<br><\/strong>1\u00b0 Amadeo Pe\u00f1a Carballo (Gowland).<br>2\u00b0 Agust\u00edn Migel (Marcos Paz).<br>3\u00b0 Eduardo Salvatore (Areco).<\/p>\n\n\n\n<p><strong>Damas<\/strong><br>1\u00b0 J\u00e9sica B\u00e1rsola (Bragado).<br>2\u00b0 Carolina Vita (Mercedes).<br>3\u00b0 Natl\u00ed Coria.<\/p>\n\n\n\n<p><strong>General 8 K<br>Caballeros<br><\/strong>1\u00b0Claudio Cirone (Navarro).<br>2\u00b0 Jonathan Caruso.<br>3\u00b0 Facundo L\u00f3pez.<\/p>\n\n\n\n<p><strong>Damas<\/strong><br>1\u00b0 Julieta Su\u00e1rez (Luj\u00e1n).<br>2\u00b0 Karina Arguello.<br>3\u00b0 Sandra Canteros (Mercedes).<\/p>\n\n\n\n<p><strong>Damas<\/strong><br>1\u00b0 Julieta Su\u00e1rez (Luj\u00e1n).<br>2\u00b0 Karina Arguello.<br>3\u00b0 Sandra Canteros (Mercedes). <\/p>\n\n\n\n<ul class=\"wp-block-gallery columns-3 is-cropped wp-block-gallery-1 is-layout-flex wp-block-gallery-is-layout-flex\"><li class=\"blocks-gallery-item\"><figure><img loading=\"lazy\" decoding=\"async\" width=\"1024\" height=\"717\" data-attachment-id=\"99992\" data-permalink=\"https:\/\/www.hoymercedes.com.ar\/principal\/2019\/09\/18\/todos-los-datos-tras-un-nuevo-triunfo-de-claudio-cirone-en-el-cruce-ciudad-de-mercedes-galeria-de-fotos\/dsc_0136-2\/#main\" data-orig-file=\"https:\/\/www.hoymercedes.com.ar\/principal\/wp-content\/uploads\/2019\/09\/DSC_0136.jpg\" data-orig-size=\"1250,875\" data-comments-opened=\"0\" data-image-meta=\"{&quot;aperture&quot;:&quot;0&quot;,&quot;credit&quot;:&quot;&quot;,&quot;camera&quot;:&quot;&quot;,&quot;caption&quot;:&quot;&quot;,&quot;created_timestamp&quot;:&quot;0&quot;,&quot;copyright&quot;:&quot;&quot;,&quot;focal_length&quot;:&quot;0&quot;,&quot;iso&quot;:&quot;0&quot;,&quot;shutter_speed&quot;:&quot;0&quot;,&quot;title&quot;:&quot;&quot;,&quot;orientation&quot;:&quot;0&quot;}\" data-image-title=\"DSC_0136\" data-image-description=\"\" data-image-caption=\"\" data-large-file=\"https:\/\/www.hoymercedes.com.ar\/principal\/wp-content\/uploads\/2019\/09\/DSC_0136-1024x717.jpg\" src=\"https:\/\/www.hoymercedes.com.ar\/principal\/wp-content\/uploads\/2019\/09\/DSC_0136-1024x717.jpg\" alt=\"\" data-id=\"99992\" data-link=\"https:\/\/www.hoymercedes.com.ar\/principal\/?attachment_id=99992\" class=\"wp-image-99992\" srcset=\"https:\/\/www.hoymercedes.com.ar\/principal\/wp-content\/uploads\/2019\/09\/DSC_0136-1024x717.jpg 1024w, https:\/\/www.hoymercedes.com.ar\/principal\/wp-content\/uploads\/2019\/09\/DSC_0136-150x105.jpg 150w, https:\/\/www.hoymercedes.com.ar\/principal\/wp-content\/uploads\/2019\/09\/DSC_0136-630x441.jpg 630w, https:\/\/www.hoymercedes.com.ar\/principal\/wp-content\/uploads\/2019\/09\/DSC_0136.jpg 1250w\" sizes=\"auto, (max-width: 1024px) 100vw, 1024px\" \/><\/figure><\/li><li class=\"blocks-gallery-item\"><figure><img loading=\"lazy\" decoding=\"async\" width=\"1024\" height=\"717\" data-attachment-id=\"99993\" data-permalink=\"https:\/\/www.hoymercedes.com.ar\/principal\/2019\/09\/18\/todos-los-datos-tras-un-nuevo-triunfo-de-claudio-cirone-en-el-cruce-ciudad-de-mercedes-galeria-de-fotos\/dsc_0131_ganadora_gral\/#main\" data-orig-file=\"https:\/\/www.hoymercedes.com.ar\/principal\/wp-content\/uploads\/2019\/09\/DSC_0131_ganadora_gral.jpg\" data-orig-size=\"1250,875\" data-comments-opened=\"0\" data-image-meta=\"{&quot;aperture&quot;:&quot;0&quot;,&quot;credit&quot;:&quot;&quot;,&quot;camera&quot;:&quot;&quot;,&quot;caption&quot;:&quot;&quot;,&quot;created_timestamp&quot;:&quot;0&quot;,&quot;copyright&quot;:&quot;Emmanuel Badano&quot;,&quot;focal_length&quot;:&quot;0&quot;,&quot;iso&quot;:&quot;0&quot;,&quot;shutter_speed&quot;:&quot;0&quot;,&quot;title&quot;:&quot;&quot;,&quot;orientation&quot;:&quot;0&quot;}\" data-image-title=\"DSC_0131_ganadora_gral\" data-image-description=\"\" data-image-caption=\"\" data-large-file=\"https:\/\/www.hoymercedes.com.ar\/principal\/wp-content\/uploads\/2019\/09\/DSC_0131_ganadora_gral-1024x717.jpg\" src=\"https:\/\/www.hoymercedes.com.ar\/principal\/wp-content\/uploads\/2019\/09\/DSC_0131_ganadora_gral-1024x717.jpg\" alt=\"\" data-id=\"99993\" data-link=\"https:\/\/www.hoymercedes.com.ar\/principal\/?attachment_id=99993\" class=\"wp-image-99993\" srcset=\"https:\/\/www.hoymercedes.com.ar\/principal\/wp-content\/uploads\/2019\/09\/DSC_0131_ganadora_gral-1024x717.jpg 1024w, https:\/\/www.hoymercedes.com.ar\/principal\/wp-content\/uploads\/2019\/09\/DSC_0131_ganadora_gral-150x105.jpg 150w, https:\/\/www.hoymercedes.com.ar\/principal\/wp-content\/uploads\/2019\/09\/DSC_0131_ganadora_gral-630x441.jpg 630w, https:\/\/www.hoymercedes.com.ar\/principal\/wp-content\/uploads\/2019\/09\/DSC_0131_ganadora_gral.jpg 1250w\" sizes=\"auto, (max-width: 1024px) 100vw, 1024px\" \/><\/figure><\/li><li class=\"blocks-gallery-item\"><figure><img loading=\"lazy\" decoding=\"async\" width=\"630\" height=\"900\" data-attachment-id=\"99994\" data-permalink=\"https:\/\/www.hoymercedes.com.ar\/principal\/2019\/09\/18\/todos-los-datos-tras-un-nuevo-triunfo-de-claudio-cirone-en-el-cruce-ciudad-de-mercedes-galeria-de-fotos\/dsc_0122_morales\/#main\" data-orig-file=\"https:\/\/www.hoymercedes.com.ar\/principal\/wp-content\/uploads\/2019\/09\/DSC_0122_morales.jpg\" data-orig-size=\"630,900\" data-comments-opened=\"0\" data-image-meta=\"{&quot;aperture&quot;:&quot;0&quot;,&quot;credit&quot;:&quot;&quot;,&quot;camera&quot;:&quot;&quot;,&quot;caption&quot;:&quot;&quot;,&quot;created_timestamp&quot;:&quot;0&quot;,&quot;copyright&quot;:&quot;&quot;,&quot;focal_length&quot;:&quot;0&quot;,&quot;iso&quot;:&quot;0&quot;,&quot;shutter_speed&quot;:&quot;0&quot;,&quot;title&quot;:&quot;&quot;,&quot;orientation&quot;:&quot;0&quot;}\" data-image-title=\"DSC_0122_morales\" data-image-description=\"\" data-image-caption=\"\" data-large-file=\"https:\/\/www.hoymercedes.com.ar\/principal\/wp-content\/uploads\/2019\/09\/DSC_0122_morales.jpg\" src=\"https:\/\/www.hoymercedes.com.ar\/principal\/wp-content\/uploads\/2019\/09\/DSC_0122_morales.jpg\" alt=\"\" data-id=\"99994\" data-link=\"https:\/\/www.hoymercedes.com.ar\/principal\/?attachment_id=99994\" class=\"wp-image-99994\" srcset=\"https:\/\/www.hoymercedes.com.ar\/principal\/wp-content\/uploads\/2019\/09\/DSC_0122_morales.jpg 630w, https:\/\/www.hoymercedes.com.ar\/principal\/wp-content\/uploads\/2019\/09\/DSC_0122_morales-105x150.jpg 105w, https:\/\/www.hoymercedes.com.ar\/principal\/wp-content\/uploads\/2019\/09\/DSC_0122_morales-434x620.jpg 434w\" sizes=\"auto, (max-width: 630px) 100vw, 630px\" \/><\/figure><\/li><li class=\"blocks-gallery-item\"><figure><img loading=\"lazy\" decoding=\"async\" width=\"1024\" height=\"682\" data-attachment-id=\"99995\" data-permalink=\"https:\/\/www.hoymercedes.com.ar\/principal\/2019\/09\/18\/todos-los-datos-tras-un-nuevo-triunfo-de-claudio-cirone-en-el-cruce-ciudad-de-mercedes-galeria-de-fotos\/dsc_0128_potes\/#main\" data-orig-file=\"https:\/\/www.hoymercedes.com.ar\/principal\/wp-content\/uploads\/2019\/09\/DSC_0128_potes.jpg\" data-orig-size=\"1250,833\" data-comments-opened=\"0\" data-image-meta=\"{&quot;aperture&quot;:&quot;0&quot;,&quot;credit&quot;:&quot;&quot;,&quot;camera&quot;:&quot;&quot;,&quot;caption&quot;:&quot;&quot;,&quot;created_timestamp&quot;:&quot;0&quot;,&quot;copyright&quot;:&quot;&quot;,&quot;focal_length&quot;:&quot;0&quot;,&quot;iso&quot;:&quot;0&quot;,&quot;shutter_speed&quot;:&quot;0&quot;,&quot;title&quot;:&quot;&quot;,&quot;orientation&quot;:&quot;0&quot;}\" data-image-title=\"DSC_0128_potes\" data-image-description=\"\" data-image-caption=\"\" data-large-file=\"https:\/\/www.hoymercedes.com.ar\/principal\/wp-content\/uploads\/2019\/09\/DSC_0128_potes-1024x682.jpg\" src=\"https:\/\/www.hoymercedes.com.ar\/principal\/wp-content\/uploads\/2019\/09\/DSC_0128_potes-1024x682.jpg\" alt=\"\" data-id=\"99995\" data-link=\"https:\/\/www.hoymercedes.com.ar\/principal\/?attachment_id=99995\" class=\"wp-image-99995\" srcset=\"https:\/\/www.hoymercedes.com.ar\/principal\/wp-content\/uploads\/2019\/09\/DSC_0128_potes-1024x682.jpg 1024w, https:\/\/www.hoymercedes.com.ar\/principal\/wp-content\/uploads\/2019\/09\/DSC_0128_potes-150x100.jpg 150w, https:\/\/www.hoymercedes.com.ar\/principal\/wp-content\/uploads\/2019\/09\/DSC_0128_potes-630x420.jpg 630w, https:\/\/www.hoymercedes.com.ar\/principal\/wp-content\/uploads\/2019\/09\/DSC_0128_potes-720x480.jpg 720w, https:\/\/www.hoymercedes.com.ar\/principal\/wp-content\/uploads\/2019\/09\/DSC_0128_potes-360x240.jpg 360w, https:\/\/www.hoymercedes.com.ar\/principal\/wp-content\/uploads\/2019\/09\/DSC_0128_potes.jpg 1250w\" sizes=\"auto, (max-width: 1024px) 100vw, 1024px\" \/><\/figure><\/li><li class=\"blocks-gallery-item\"><figure><img loading=\"lazy\" decoding=\"async\" width=\"1024\" height=\"682\" data-attachment-id=\"99996\" data-permalink=\"https:\/\/www.hoymercedes.com.ar\/principal\/2019\/09\/18\/todos-los-datos-tras-un-nuevo-triunfo-de-claudio-cirone-en-el-cruce-ciudad-de-mercedes-galeria-de-fotos\/dsc_0063-2\/#main\" data-orig-file=\"https:\/\/www.hoymercedes.com.ar\/principal\/wp-content\/uploads\/2019\/09\/DSC_0063.jpg\" data-orig-size=\"1250,833\" data-comments-opened=\"0\" data-image-meta=\"{&quot;aperture&quot;:&quot;0&quot;,&quot;credit&quot;:&quot;&quot;,&quot;camera&quot;:&quot;&quot;,&quot;caption&quot;:&quot;&quot;,&quot;created_timestamp&quot;:&quot;0&quot;,&quot;copyright&quot;:&quot;Emmanuel Badano&quot;,&quot;focal_length&quot;:&quot;0&quot;,&quot;iso&quot;:&quot;0&quot;,&quot;shutter_speed&quot;:&quot;0&quot;,&quot;title&quot;:&quot;&quot;,&quot;orientation&quot;:&quot;0&quot;}\" data-image-title=\"DSC_0063\" data-image-description=\"\" data-image-caption=\"\" data-large-file=\"https:\/\/www.hoymercedes.com.ar\/principal\/wp-content\/uploads\/2019\/09\/DSC_0063-1024x682.jpg\" src=\"https:\/\/www.hoymercedes.com.ar\/principal\/wp-content\/uploads\/2019\/09\/DSC_0063-1024x682.jpg\" alt=\"\" data-id=\"99996\" data-link=\"https:\/\/www.hoymercedes.com.ar\/principal\/?attachment_id=99996\" class=\"wp-image-99996\" srcset=\"https:\/\/www.hoymercedes.com.ar\/principal\/wp-content\/uploads\/2019\/09\/DSC_0063-1024x682.jpg 1024w, https:\/\/www.hoymercedes.com.ar\/principal\/wp-content\/uploads\/2019\/09\/DSC_0063-150x100.jpg 150w, https:\/\/www.hoymercedes.com.ar\/principal\/wp-content\/uploads\/2019\/09\/DSC_0063-630x420.jpg 630w, https:\/\/www.hoymercedes.com.ar\/principal\/wp-content\/uploads\/2019\/09\/DSC_0063-720x480.jpg 720w, https:\/\/www.hoymercedes.com.ar\/principal\/wp-content\/uploads\/2019\/09\/DSC_0063-360x240.jpg 360w, https:\/\/www.hoymercedes.com.ar\/principal\/wp-content\/uploads\/2019\/09\/DSC_0063.jpg 1250w\" sizes=\"auto, (max-width: 1024px) 100vw, 1024px\" \/><\/figure><\/li><li class=\"blocks-gallery-item\"><figure><img loading=\"lazy\" decoding=\"async\" width=\"630\" height=\"900\" data-attachment-id=\"99997\" data-permalink=\"https:\/\/www.hoymercedes.com.ar\/principal\/2019\/09\/18\/todos-los-datos-tras-un-nuevo-triunfo-de-claudio-cirone-en-el-cruce-ciudad-de-mercedes-galeria-de-fotos\/dsc_0113_ganador_gral\/#main\" data-orig-file=\"https:\/\/www.hoymercedes.com.ar\/principal\/wp-content\/uploads\/2019\/09\/DSC_0113_ganador_gral.jpg\" data-orig-size=\"630,900\" data-comments-opened=\"0\" data-image-meta=\"{&quot;aperture&quot;:&quot;0&quot;,&quot;credit&quot;:&quot;&quot;,&quot;camera&quot;:&quot;&quot;,&quot;caption&quot;:&quot;&quot;,&quot;created_timestamp&quot;:&quot;0&quot;,&quot;copyright&quot;:&quot;Emmanuel Badano&quot;,&quot;focal_length&quot;:&quot;0&quot;,&quot;iso&quot;:&quot;0&quot;,&quot;shutter_speed&quot;:&quot;0&quot;,&quot;title&quot;:&quot;&quot;,&quot;orientation&quot;:&quot;0&quot;}\" data-image-title=\"DSC_0113_ganador_gral\" data-image-description=\"\" data-image-caption=\"\" data-large-file=\"https:\/\/www.hoymercedes.com.ar\/principal\/wp-content\/uploads\/2019\/09\/DSC_0113_ganador_gral.jpg\" src=\"https:\/\/www.hoymercedes.com.ar\/principal\/wp-content\/uploads\/2019\/09\/DSC_0113_ganador_gral.jpg\" alt=\"\" data-id=\"99997\" data-link=\"https:\/\/www.hoymercedes.com.ar\/principal\/?attachment_id=99997\" class=\"wp-image-99997\" srcset=\"https:\/\/www.hoymercedes.com.ar\/principal\/wp-content\/uploads\/2019\/09\/DSC_0113_ganador_gral.jpg 630w, https:\/\/www.hoymercedes.com.ar\/principal\/wp-content\/uploads\/2019\/09\/DSC_0113_ganador_gral-105x150.jpg 105w, https:\/\/www.hoymercedes.com.ar\/principal\/wp-content\/uploads\/2019\/09\/DSC_0113_ganador_gral-434x620.jpg 434w\" sizes=\"auto, (max-width: 630px) 100vw, 630px\" \/><\/figure><\/li><li class=\"blocks-gallery-item\"><figure><img loading=\"lazy\" decoding=\"async\" width=\"1024\" height=\"682\" data-attachment-id=\"99998\" data-permalink=\"https:\/\/www.hoymercedes.com.ar\/principal\/2019\/09\/18\/todos-los-datos-tras-un-nuevo-triunfo-de-claudio-cirone-en-el-cruce-ciudad-de-mercedes-galeria-de-fotos\/dsc_0106-1\/#main\" data-orig-file=\"https:\/\/www.hoymercedes.com.ar\/principal\/wp-content\/uploads\/2019\/09\/DSC_0106-1.jpg\" data-orig-size=\"1250,833\" data-comments-opened=\"0\" data-image-meta=\"{&quot;aperture&quot;:&quot;0&quot;,&quot;credit&quot;:&quot;&quot;,&quot;camera&quot;:&quot;&quot;,&quot;caption&quot;:&quot;&quot;,&quot;created_timestamp&quot;:&quot;0&quot;,&quot;copyright&quot;:&quot;&quot;,&quot;focal_length&quot;:&quot;0&quot;,&quot;iso&quot;:&quot;0&quot;,&quot;shutter_speed&quot;:&quot;0&quot;,&quot;title&quot;:&quot;&quot;,&quot;orientation&quot;:&quot;0&quot;}\" data-image-title=\"DSC_0106-1\" data-image-description=\"\" data-image-caption=\"\" data-large-file=\"https:\/\/www.hoymercedes.com.ar\/principal\/wp-content\/uploads\/2019\/09\/DSC_0106-1-1024x682.jpg\" src=\"https:\/\/www.hoymercedes.com.ar\/principal\/wp-content\/uploads\/2019\/09\/DSC_0106-1-1024x682.jpg\" alt=\"\" data-id=\"99998\" data-link=\"https:\/\/www.hoymercedes.com.ar\/principal\/?attachment_id=99998\" class=\"wp-image-99998\" srcset=\"https:\/\/www.hoymercedes.com.ar\/principal\/wp-content\/uploads\/2019\/09\/DSC_0106-1-1024x682.jpg 1024w, https:\/\/www.hoymercedes.com.ar\/principal\/wp-content\/uploads\/2019\/09\/DSC_0106-1-150x100.jpg 150w, https:\/\/www.hoymercedes.com.ar\/principal\/wp-content\/uploads\/2019\/09\/DSC_0106-1-630x420.jpg 630w, https:\/\/www.hoymercedes.com.ar\/principal\/wp-content\/uploads\/2019\/09\/DSC_0106-1-720x480.jpg 720w, https:\/\/www.hoymercedes.com.ar\/principal\/wp-content\/uploads\/2019\/09\/DSC_0106-1-360x240.jpg 360w, https:\/\/www.hoymercedes.com.ar\/principal\/wp-content\/uploads\/2019\/09\/DSC_0106-1.jpg 1250w\" sizes=\"auto, (max-width: 1024px) 100vw, 1024px\" \/><\/figure><\/li><li class=\"blocks-gallery-item\"><figure><img loading=\"lazy\" decoding=\"async\" width=\"1024\" height=\"614\" data-attachment-id=\"99999\" data-permalink=\"https:\/\/www.hoymercedes.com.ar\/principal\/2019\/09\/18\/todos-los-datos-tras-un-nuevo-triunfo-de-claudio-cirone-en-el-cruce-ciudad-de-mercedes-galeria-de-fotos\/dsc_0099-2\/#main\" data-orig-file=\"https:\/\/www.hoymercedes.com.ar\/principal\/wp-content\/uploads\/2019\/09\/DSC_0099.jpg\" data-orig-size=\"1250,750\" data-comments-opened=\"0\" data-image-meta=\"{&quot;aperture&quot;:&quot;0&quot;,&quot;credit&quot;:&quot;&quot;,&quot;camera&quot;:&quot;&quot;,&quot;caption&quot;:&quot;&quot;,&quot;created_timestamp&quot;:&quot;0&quot;,&quot;copyright&quot;:&quot;&quot;,&quot;focal_length&quot;:&quot;0&quot;,&quot;iso&quot;:&quot;0&quot;,&quot;shutter_speed&quot;:&quot;0&quot;,&quot;title&quot;:&quot;&quot;,&quot;orientation&quot;:&quot;0&quot;}\" data-image-title=\"DSC_0099\" data-image-description=\"\" data-image-caption=\"\" data-large-file=\"https:\/\/www.hoymercedes.com.ar\/principal\/wp-content\/uploads\/2019\/09\/DSC_0099-1024x614.jpg\" src=\"https:\/\/www.hoymercedes.com.ar\/principal\/wp-content\/uploads\/2019\/09\/DSC_0099-1024x614.jpg\" alt=\"\" data-id=\"99999\" data-link=\"https:\/\/www.hoymercedes.com.ar\/principal\/?attachment_id=99999\" class=\"wp-image-99999\" srcset=\"https:\/\/www.hoymercedes.com.ar\/principal\/wp-content\/uploads\/2019\/09\/DSC_0099-1024x614.jpg 1024w, https:\/\/www.hoymercedes.com.ar\/principal\/wp-content\/uploads\/2019\/09\/DSC_0099-150x90.jpg 150w, https:\/\/www.hoymercedes.com.ar\/principal\/wp-content\/uploads\/2019\/09\/DSC_0099-630x378.jpg 630w, https:\/\/www.hoymercedes.com.ar\/principal\/wp-content\/uploads\/2019\/09\/DSC_0099.jpg 1250w\" sizes=\"auto, (max-width: 1024px) 100vw, 1024px\" \/><\/figure><\/li><li class=\"blocks-gallery-item\"><figure><img loading=\"lazy\" decoding=\"async\" width=\"630\" height=\"900\" data-attachment-id=\"100000\" data-permalink=\"https:\/\/www.hoymercedes.com.ar\/principal\/2019\/09\/18\/todos-los-datos-tras-un-nuevo-triunfo-de-claudio-cirone-en-el-cruce-ciudad-de-mercedes-galeria-de-fotos\/dsc_0102\/#main\" data-orig-file=\"https:\/\/www.hoymercedes.com.ar\/principal\/wp-content\/uploads\/2019\/09\/DSC_0102.jpg\" data-orig-size=\"630,900\" data-comments-opened=\"0\" data-image-meta=\"{&quot;aperture&quot;:&quot;0&quot;,&quot;credit&quot;:&quot;&quot;,&quot;camera&quot;:&quot;&quot;,&quot;caption&quot;:&quot;&quot;,&quot;created_timestamp&quot;:&quot;0&quot;,&quot;copyright&quot;:&quot;&quot;,&quot;focal_length&quot;:&quot;0&quot;,&quot;iso&quot;:&quot;0&quot;,&quot;shutter_speed&quot;:&quot;0&quot;,&quot;title&quot;:&quot;&quot;,&quot;orientation&quot;:&quot;0&quot;}\" data-image-title=\"DSC_0102\" data-image-description=\"\" data-image-caption=\"\" data-large-file=\"https:\/\/www.hoymercedes.com.ar\/principal\/wp-content\/uploads\/2019\/09\/DSC_0102.jpg\" src=\"https:\/\/www.hoymercedes.com.ar\/principal\/wp-content\/uploads\/2019\/09\/DSC_0102.jpg\" alt=\"\" data-id=\"100000\" data-link=\"https:\/\/www.hoymercedes.com.ar\/principal\/?attachment_id=100000\" class=\"wp-image-100000\" srcset=\"https:\/\/www.hoymercedes.com.ar\/principal\/wp-content\/uploads\/2019\/09\/DSC_0102.jpg 630w, https:\/\/www.hoymercedes.com.ar\/principal\/wp-content\/uploads\/2019\/09\/DSC_0102-105x150.jpg 105w, https:\/\/www.hoymercedes.com.ar\/principal\/wp-content\/uploads\/2019\/09\/DSC_0102-434x620.jpg 434w\" sizes=\"auto, (max-width: 630px) 100vw, 630px\" \/><\/figure><\/li><li class=\"blocks-gallery-item\"><figure><img loading=\"lazy\" decoding=\"async\" width=\"1024\" height=\"682\" data-attachment-id=\"100001\" data-permalink=\"https:\/\/www.hoymercedes.com.ar\/principal\/2019\/09\/18\/todos-los-datos-tras-un-nuevo-triunfo-de-claudio-cirone-en-el-cruce-ciudad-de-mercedes-galeria-de-fotos\/dsc_0044\/#main\" data-orig-file=\"https:\/\/www.hoymercedes.com.ar\/principal\/wp-content\/uploads\/2019\/09\/DSC_0044.jpg\" data-orig-size=\"1250,833\" data-comments-opened=\"0\" data-image-meta=\"{&quot;aperture&quot;:&quot;0&quot;,&quot;credit&quot;:&quot;&quot;,&quot;camera&quot;:&quot;&quot;,&quot;caption&quot;:&quot;&quot;,&quot;created_timestamp&quot;:&quot;0&quot;,&quot;copyright&quot;:&quot;Emmanuel Badano&quot;,&quot;focal_length&quot;:&quot;0&quot;,&quot;iso&quot;:&quot;0&quot;,&quot;shutter_speed&quot;:&quot;0&quot;,&quot;title&quot;:&quot;&quot;,&quot;orientation&quot;:&quot;0&quot;}\" data-image-title=\"DSC_0044\" data-image-description=\"\" data-image-caption=\"\" data-large-file=\"https:\/\/www.hoymercedes.com.ar\/principal\/wp-content\/uploads\/2019\/09\/DSC_0044-1024x682.jpg\" src=\"https:\/\/www.hoymercedes.com.ar\/principal\/wp-content\/uploads\/2019\/09\/DSC_0044-1024x682.jpg\" alt=\"\" data-id=\"100001\" data-link=\"https:\/\/www.hoymercedes.com.ar\/principal\/?attachment_id=100001\" class=\"wp-image-100001\" srcset=\"https:\/\/www.hoymercedes.com.ar\/principal\/wp-content\/uploads\/2019\/09\/DSC_0044-1024x682.jpg 1024w, https:\/\/www.hoymercedes.com.ar\/principal\/wp-content\/uploads\/2019\/09\/DSC_0044-150x100.jpg 150w, https:\/\/www.hoymercedes.com.ar\/principal\/wp-content\/uploads\/2019\/09\/DSC_0044-630x420.jpg 630w, https:\/\/www.hoymercedes.com.ar\/principal\/wp-content\/uploads\/2019\/09\/DSC_0044-720x480.jpg 720w, https:\/\/www.hoymercedes.com.ar\/principal\/wp-content\/uploads\/2019\/09\/DSC_0044-360x240.jpg 360w, https:\/\/www.hoymercedes.com.ar\/principal\/wp-content\/uploads\/2019\/09\/DSC_0044.jpg 1250w\" sizes=\"auto, (max-width: 1024px) 100vw, 1024px\" \/><\/figure><\/li><\/ul>\n","protected":false},"excerpt":{"rendered":"<p>Foto: Emmanuel Badano. El navarrense logr\u00f3 nuevamente ganar los 8 General 8 K de Mercedes,\u00a0 el domingo por la ma\u00f1ana. &#8230; <a title=\"Todos los datos tras un nuevo triunfo de Claudio Cirone en el Cruce Ciudad de Mercedes (Galer\u00eda de fotos)\" class=\"read-more\" href=\"https:\/\/www.hoymercedes.com.ar\/principal\/2019\/09\/18\/todos-los-datos-tras-un-nuevo-triunfo-de-claudio-cirone-en-el-cruce-ciudad-de-mercedes-galeria-de-fotos\/\" aria-label=\"Leer m\u00e1s sobre Todos los datos tras un nuevo triunfo de Claudio Cirone en el Cruce Ciudad de Mercedes (Galer\u00eda de fotos)\">Leer m\u00e1s<\/a><\/p>\n","protected":false},"author":1,"featured_media":99990,"comment_status":"closed","ping_status":"open","sticky":false,"template":"","format":"standard","meta":{"_monsterinsights_skip_tracking":false,"_monsterinsights_sitenote_active":false,"_monsterinsights_sitenote_note":"","_monsterinsights_sitenote_category":0,"jetpack_post_was_ever_published":false,"_jetpack_newsletter_access":"","_jetpack_dont_email_post_to_subs":false,"_jetpack_newsletter_tier_id":0,"_jetpack_memberships_contains_paywalled_content":false,"_jetpack_memberships_contains_paid_content":false,"footnotes":"","jetpack_publicize_message":"","jetpack_publicize_feature_enabled":true,"jetpack_social_post_already_shared":true,"jetpack_social_options":{"image_generator_settings":{"template":"highway","default_image_id":0,"font":"","enabled":false},"version":2},"_wpas_customize_per_network":false},"categories":[21],"tags":[803,13780,1050],"class_list":["post-99989","post","type-post","status-publish","format-standard","has-post-thumbnail","hentry","category-deportes","tag-atletismo","tag-claudio-cirone","tag-cruce-ciudad-de-mercedes","generate-columns","tablet-grid-50","mobile-grid-100","grid-parent","grid-50"],"jetpack_publicize_connections":[],"jetpack_featured_media_url":"https:\/\/www.hoymercedes.com.ar\/principal\/wp-content\/uploads\/2019\/09\/DSC_0190_ganador_gral_hombres.jpg","wps_subtitle":"Atletismo","jetpack_sharing_enabled":true,"_links":{"self":[{"href":"https:\/\/www.hoymercedes.com.ar\/principal\/wp-json\/wp\/v2\/posts\/99989","targetHints":{"allow":["GET"]}}],"collection":[{"href":"https:\/\/www.hoymercedes.com.ar\/principal\/wp-json\/wp\/v2\/posts"}],"about":[{"href":"https:\/\/www.hoymercedes.com.ar\/principal\/wp-json\/wp\/v2\/types\/post"}],"author":[{"embeddable":true,"href":"https:\/\/www.hoymercedes.com.ar\/principal\/wp-json\/wp\/v2\/users\/1"}],"replies":[{"embeddable":true,"href":"https:\/\/www.hoymercedes.com.ar\/principal\/wp-json\/wp\/v2\/comments?post=99989"}],"version-history":[{"count":0,"href":"https:\/\/www.hoymercedes.com.ar\/principal\/wp-json\/wp\/v2\/posts\/99989\/revisions"}],"wp:featuredmedia":[{"embeddable":true,"href":"https:\/\/www.hoymercedes.com.ar\/principal\/wp-json\/wp\/v2\/media\/99990"}],"wp:attachment":[{"href":"https:\/\/www.hoymercedes.com.ar\/principal\/wp-json\/wp\/v2\/media?parent=99989"}],"wp:term":[{"taxonomy":"category","embeddable":true,"href":"https:\/\/www.hoymercedes.com.ar\/principal\/wp-json\/wp\/v2\/categories?post=99989"},{"taxonomy":"post_tag","embeddable":true,"href":"https:\/\/www.hoymercedes.com.ar\/principal\/wp-json\/wp\/v2\/tags?post=99989"}],"curies":[{"name":"wp","href":"https:\/\/api.w.org\/{rel}","templated":true}]}}